{"id":201144,"date":"2022-07-04T21:23:06","date_gmt":"2022-07-05T00:23:06","guid":{"rendered":"https:\/\/diarioregionaldigital.com.br\/?p=201144"},"modified":"2022-07-04T21:23:06","modified_gmt":"2022-07-05T00:23:06","slug":"museu-mariano-procopio-libera-acesso-as-trilhas-aos-fins-de-semana","status":"publish","type":"post","link":"https:\/\/diarioregionaldigital.com.br\/?p=201144","title":{"rendered":"Museu Mariano Proc\u00f3pio libera acesso \u00e0s trilhas aos fins de semana"},"content":{"rendered":"<p>Segundo informa\u00e7\u00f5es do site da Prefeitura de Juiz de Fora (PJF), o\u00a0parque da Funda\u00e7\u00e3o Museu Mariano Proc\u00f3pio \u00e9 um dos lugares mais procurados na cidade quando se fala em atividade f\u00edsica e lazer. Al\u00e9m das belas paisagens, compostas pela flora e fauna, do lago e dos elementos art\u00edsticos, como esculturas e est\u00e1tuas, os visitantes podem apreciar e se aventurar pelas trilhas presentes nos bosques do parque. A novidade \u00e9 que, al\u00e9m dos dias de semana, quando j\u00e1 funcionavam normalmente, agora as trilhas estar\u00e3o abertas tamb\u00e9m nos fins de semana no hor\u00e1rio de funcionamento do museu, das 8h \u00e0s 17h.<\/p>\n<p>&nbsp;<\/p>\n<p>Inaugurado em 1861, com projeto atribu\u00eddo ao franc\u00eas Auguste Glaziou, o parque do museu possui um bosque com plantas da Mata Atl\u00e2ntica, incluindo o Pau-Brasil, que est\u00e1 em extin\u00e7\u00e3o, e esp\u00e9cies ex\u00f3ticas. Entre as \u00e1rvores de grande porte, est\u00e3o os jatob\u00e1s e as belas sapucaias, plantadas por Mariano Proc\u00f3pio. Tamb\u00e9m destacam-se esp\u00e9cies frut\u00edferas, como as jaqueiras, as jabuticabeiras e o coco Mariano, que alimentam a fauna composta principalmente por aves: jacus, sabi\u00e1s, tucanos, sa\u00edras sete cores e sanha\u00e7o azul, entre outras.<\/p>\n<p><strong>Funcionamento:<\/strong><\/p>\n<p>De ter\u00e7a a domingo, das 8h \u00e0s 17h<\/p>\n<p>&#8211; Acesso pela Rua Dom Pedro II \u2013 ter\u00e7a a sexta-feira<\/p>\n<p>&#8211; Acesso pela Rua Mariano Proc\u00f3pio \u2013 ter\u00e7a a domingo<\/p>\n<p>* Integrantes do Clube da Caminhada podem acessar o parque a partir das 7h<\/p>\n","protected":false},"excerpt":{"rendered":"<p>Segundo informa\u00e7\u00f5es do site da Prefeitura de Juiz de Fora (PJF), o\u00a0parque da Funda\u00e7\u00e3o Museu Mariano Proc\u00f3pio \u00e9 um dos lugares mais procurados na cidade quando se fala em atividade f\u00edsica e lazer. Al\u00e9m das belas paisagens, compostas pela flora e fauna, do lago e dos elementos art\u00edsticos, como esculturas e est\u00e1tuas, os visitantes podem [&hellip;]<\/p>\n","protected":false},"author":246,"featured_media":201145,"comment_status":"closed","ping_status":"closed","sticky":false,"template":"","format":"standard","meta":{"footnotes":""},"categories":[253,436,439],"tags":[],"class_list":["post-201144","post","type-post","status-publish","format-standard","has-post-thumbnail","hentry","category-cidade","category-destaque-da-semana","category-ultima-hora"],"_links":{"self":[{"href":"https:\/\/diarioregionaldigital.com.br\/index.php?rest_route=\/wp\/v2\/posts\/201144","targetHints":{"allow":["GET"]}}],"collection":[{"href":"https:\/\/diarioregionaldigital.com.br\/index.php?rest_route=\/wp\/v2\/posts"}],"about":[{"href":"https:\/\/diarioregionaldigital.com.br\/index.php?rest_route=\/wp\/v2\/types\/post"}],"author":[{"embeddable":true,"href":"https:\/\/diarioregionaldigital.com.br\/index.php?rest_route=\/wp\/v2\/users\/246"}],"replies":[{"embeddable":true,"href":"https:\/\/diarioregionaldigital.com.br\/index.php?rest_route=%2Fwp%2Fv2%2Fcomments&post=201144"}],"version-history":[{"count":1,"href":"https:\/\/diarioregionaldigital.com.br\/index.php?rest_route=\/wp\/v2\/posts\/201144\/revisions"}],"predecessor-version":[{"id":201146,"href":"https:\/\/diarioregionaldigital.com.br\/index.php?rest_route=\/wp\/v2\/posts\/201144\/revisions\/201146"}],"wp:featuredmedia":[{"embeddable":true,"href":"https:\/\/diarioregionaldigital.com.br\/index.php?rest_route=\/wp\/v2\/media\/201145"}],"wp:attachment":[{"href":"https:\/\/diarioregionaldigital.com.br\/index.php?rest_route=%2Fwp%2Fv2%2Fmedia&parent=201144"}],"wp:term":[{"taxonomy":"category","embeddable":true,"href":"https:\/\/diarioregionaldigital.com.br\/index.php?rest_route=%2Fwp%2Fv2%2Fcategories&post=201144"},{"taxonomy":"post_tag","embeddable":true,"href":"https:\/\/diarioregionaldigital.com.br\/index.php?rest_route=%2Fwp%2Fv2%2Ftags&post=201144"}],"curies":[{"name":"wp","href":"https:\/\/api.w.org\/{rel}","templated":true}]}}