{"id":201134,"date":"2022-07-04T21:01:38","date_gmt":"2022-07-05T00:01:38","guid":{"rendered":"https:\/\/diarioregionaldigital.com.br\/?p=201134"},"modified":"2022-07-04T21:01:38","modified_gmt":"2022-07-05T00:01:38","slug":"duda-sampaio-e-natascha-defenderao-brasil-na-copa-america-feminina","status":"publish","type":"post","link":"https:\/\/diarioregionaldigital.com.br\/?p=201134","title":{"rendered":"Duda Sampaio e Natascha defender\u00e3o Brasil na Copa Am\u00e9rica Feminina"},"content":{"rendered":"<p>A meia Duda Sampaio, do Internacional, e a goleira Natascha, do Flamengo, foram chamadas pela t\u00e9cnica Pia Sundhage no in\u00edcio da tarde deste domingo (3). A dupla ingressar\u00e1 no grupo da sele\u00e7\u00e3o brasileira de futebol feminino que disputar\u00e1 a Copa Am\u00e9rica da Col\u00f4mbia, entre os dias 8 e 30 de julho.<img decoding=\"async\" src=\"https:\/\/agenciabrasil.ebc.com.br\/ebc.png?id=1469020&amp;o=node\" \/><img decoding=\"async\" src=\"https:\/\/agenciabrasil.ebc.com.br\/ebc.gif?id=1469020&amp;o=node\" \/><\/p>\n<p>A competi\u00e7\u00e3o classificar\u00e1 os dois primeiros colocados de forma direta para os Jogos Ol\u00edmpicos de 2024, em Paris (Fran\u00e7a), enquanto os tr\u00eas primeiros estar\u00e3o na Copa do Mundo de Futebol Feminino de 2023, disputada na Austr\u00e1lia e na Nova Zel\u00e2ndia.<\/p>\n<p>J\u00e1 as equipes que ficarem na quarta e na quinta posi\u00e7\u00f5es disputar\u00e3o um playoff com outras equipes valendo duas vagas para a Copa do Mundo. Classificam-se aos Jogos Pan-Americanos de 2023, em Santiago (Chile), os times que terminarem na terceira, na quarta e na quinta posi\u00e7\u00f5es. A estreia brasileira na Copa Am\u00e9rica est\u00e1 marcada para o dia 9 de julho, contra a Argentina a partir das 13h30 (hor\u00e1rio de Bras\u00edlia).<\/p>\n<p>Duda Sampaio, convocada na Data Fifa de junho, substituir\u00e1 a atacante Gabi Nunes, do Madrid CFF, que sofreu um edema no m\u00fasculo b\u00edceps femoral da coxa esquerda. J\u00e1 a goleira Natascha entrar\u00e1 na vaga de Let\u00edcia Izidoro, do Corinthians, cortada ap\u00f3s uma les\u00e3o no ligamento colateral medial do joelho esquerdo.<\/p>\n<p><span style=\"font-weight: 400;\"><br \/>\n<\/span><span style=\"font-weight: 400;\">Fonte: Ag\u00eancia Brasil <\/span><\/p>\n","protected":false},"excerpt":{"rendered":"<p>A meia Duda Sampaio, do Internacional, e a goleira Natascha, do Flamengo, foram chamadas pela t\u00e9cnica Pia Sundhage no in\u00edcio da tarde deste domingo (3). A dupla ingressar\u00e1 no grupo da sele\u00e7\u00e3o brasileira de futebol feminino que disputar\u00e1 a Copa Am\u00e9rica da Col\u00f4mbia, entre os dias 8 e 30 de julho. A competi\u00e7\u00e3o classificar\u00e1 os [&hellip;]<\/p>\n","protected":false},"author":246,"featured_media":201135,"comment_status":"closed","ping_status":"closed","sticky":false,"template":"","format":"standard","meta":{"footnotes":""},"categories":[436,257,439],"tags":[],"class_list":["post-201134","post","type-post","status-publish","format-standard","has-post-thumbnail","hentry","category-destaque-da-semana","category-esporte","category-ultima-hora"],"_links":{"self":[{"href":"https:\/\/diarioregionaldigital.com.br\/index.php?rest_route=\/wp\/v2\/posts\/201134","targetHints":{"allow":["GET"]}}],"collection":[{"href":"https:\/\/diarioregionaldigital.com.br\/index.php?rest_route=\/wp\/v2\/posts"}],"about":[{"href":"https:\/\/diarioregionaldigital.com.br\/index.php?rest_route=\/wp\/v2\/types\/post"}],"author":[{"embeddable":true,"href":"https:\/\/diarioregionaldigital.com.br\/index.php?rest_route=\/wp\/v2\/users\/246"}],"replies":[{"embeddable":true,"href":"https:\/\/diarioregionaldigital.com.br\/index.php?rest_route=%2Fwp%2Fv2%2Fcomments&post=201134"}],"version-history":[{"count":2,"href":"https:\/\/diarioregionaldigital.com.br\/index.php?rest_route=\/wp\/v2\/posts\/201134\/revisions"}],"predecessor-version":[{"id":201137,"href":"https:\/\/diarioregionaldigital.com.br\/index.php?rest_route=\/wp\/v2\/posts\/201134\/revisions\/201137"}],"wp:featuredmedia":[{"embeddable":true,"href":"https:\/\/diarioregionaldigital.com.br\/index.php?rest_route=\/wp\/v2\/media\/201135"}],"wp:attachment":[{"href":"https:\/\/diarioregionaldigital.com.br\/index.php?rest_route=%2Fwp%2Fv2%2Fmedia&parent=201134"}],"wp:term":[{"taxonomy":"category","embeddable":true,"href":"https:\/\/diarioregionaldigital.com.br\/index.php?rest_route=%2Fwp%2Fv2%2Fcategories&post=201134"},{"taxonomy":"post_tag","embeddable":true,"href":"https:\/\/diarioregionaldigital.com.br\/index.php?rest_route=%2Fwp%2Fv2%2Ftags&post=201134"}],"curies":[{"name":"wp","href":"https:\/\/api.w.org\/{rel}","templated":true}]}}