{"id":201033,"date":"2022-06-30T14:17:51","date_gmt":"2022-06-30T17:17:51","guid":{"rendered":"https:\/\/diarioregionaldigital.com.br\/?p=201033"},"modified":"2022-06-30T14:17:51","modified_gmt":"2022-06-30T17:17:51","slug":"pjf-inicia-pavimentacao-de-rua-que-liga-a-cidade-alta-a-br-040","status":"publish","type":"post","link":"https:\/\/diarioregionaldigital.com.br\/?p=201033","title":{"rendered":"PJF inicia pavimenta\u00e7\u00e3o de rua que liga a Cidade Alta \u00e0 BR-040"},"content":{"rendered":"<p>Segundo informa\u00e7\u00f5es do site da Prefeitura de Juiz de Fora (PJF), seguindo no compromisso de melhorar a mobilidade urbana do munic\u00edpio, a Prefeitura de Juiz de Fora (PJF) deu in\u00edcio ao processo de pavimenta\u00e7\u00e3o da Rua Engenheiro Arnaldo Surerus de Oliveira, localizada no bairro Cruzeiro de Santo Ant\u00f4nio. A rua, importante via de acesso \u00e0 BR-040, ter\u00e1 toda a sua extens\u00e3o pavimentada, totalizando o asfaltamento de 674 metros de comprimento por sete de largura, com a previs\u00e3o de aplica\u00e7\u00e3o de mais de 680 toneladas de massa asf\u00e1ltica.<br \/>\nNesta quinta-feira, 30, a prefeita Margarida Salom\u00e3o esteve no local e conferiu de perto o andamento dos trabalhos. \u201cA pavimenta\u00e7\u00e3o deste trecho era uma grande necessidade. \u00c9 fato que a BR-040 aqui \u00e9 uma esp\u00e9cie de anel vi\u00e1rio nosso, ent\u00e3o \u00e9 muito importante a execu\u00e7\u00e3o dessa obra para toda a cidade\u201d, destacou a chefe do executivo.<br \/>\nA via ser\u00e1 a primeira a ser pavimentada com os novos recursos do Financiamento \u00e0 Infraestrutura e ao Saneamento (Finisa), da Caixa Econ\u00f4mica Federal. A interven\u00e7\u00e3o na Rua Engenheiro Arnaldo Surerus de Oliveira, al\u00e9m de facilitar o acesso a uma das principais rodovias que cortam a regi\u00e3o, ir\u00e1 otimizar, tamb\u00e9m, o caminho de chegada a shows e eventos realizados no Expominas, fomentando o turismo na cidade.<br \/>\nO<a href=\"https:\/\/www.pjf.mg.gov.br\/noticias\/view.php?modo=link2&amp;idnoticia2=74661\">\u00a0<strong>contrato do empr\u00e9stimo<\/strong><\/a>, assinado no dia 29 de mar\u00e7o deste ano, prev\u00ea o investimento de R$100 milh\u00f5es na cidade, com 50% voltados para obras de pavimenta\u00e7\u00e3o e drenagem do munic\u00edpio.<br \/>\n<strong>Visita \u00e0s obras<\/strong><br \/>\nO vereador Maur\u00edcio Delgado, respons\u00e1vel pela indica\u00e7\u00e3o da aplica\u00e7\u00e3o do recurso na via, tamb\u00e9m visitou as obras na manh\u00e3 desta quinta e enfatizou a import\u00e2ncia da a\u00e7\u00e3o. \u201cAs palavras principais nesse momento s\u00e3o agradecimento e entendimento. Um entendimento m\u00fatuo, j\u00e1 que n\u00e3o fazemos mais que a nossa obriga\u00e7\u00e3o ao indicar melhorias para a cidade. Quem ganha mais uma vez \u00e9 Juiz de Fora\u201d, enfatizou o vereador, destacando o intenso fluxo di\u00e1rio de ve\u00edculos no local.<br \/>\nMorador da regi\u00e3o, o advogado Cil Farne Guimar\u00e3es comemorou a iniciativa e ressaltou a import\u00e2ncia do trecho para a cidade. \u201cHoje podemos comprovar\u00a0<em>in loco<\/em>\u00a0a grande quantidade de carros que trafegam por aqui. A pavimenta\u00e7\u00e3o traz melhorias e seguran\u00e7a para a popula\u00e7\u00e3o, porque a rua estava cheia de buracos e trazia perigos. Com certeza essa obra que a Prefeitura est\u00e1 realizando vai ser um grande feito para Juiz de Fora\u201d, afirmou o advogado.<br \/>\nDe acordo com o diretor-presidente da Empresa Municipal de Pavimenta\u00e7\u00e3o e Urbanidades (Empav), Richard Tavares, a pavimenta\u00e7\u00e3o da via era uma antiga reivindica\u00e7\u00e3o do munic\u00edpio. \u201c\u00c9 um momento hist\u00f3rico, de fato, a pavimenta\u00e7\u00e3o deste importante trecho que liga a Cidade Alta \u00e0 BR-040. Al\u00e9m do conforto que a popula\u00e7\u00e3o sentir\u00e1 ao passar por aqui, \u00e9 importante destacar tamb\u00e9m que o deslocamento de um ponto a outro passar\u00e1 a ser mais r\u00e1pido e seguro com o novo pavimento\u201d, ressalta Richard.<br \/>\nA previs\u00e3o \u00e9 que a Empav conclua os trabalhos no local at\u00e9 a pr\u00f3xima ter\u00e7a-feira, 5 de julho.<\/p>\n","protected":false},"excerpt":{"rendered":"<p>Segundo informa\u00e7\u00f5es do site da Prefeitura de Juiz de Fora (PJF), seguindo no compromisso de melhorar a mobilidade urbana do munic\u00edpio, a Prefeitura de Juiz de Fora (PJF) deu in\u00edcio ao processo de pavimenta\u00e7\u00e3o da Rua Engenheiro Arnaldo Surerus de Oliveira, localizada no bairro Cruzeiro de Santo Ant\u00f4nio. A rua, importante via de acesso \u00e0 [&hellip;]<\/p>\n","protected":false},"author":246,"featured_media":201034,"comment_status":"closed","ping_status":"closed","sticky":false,"template":"","format":"standard","meta":{"footnotes":""},"categories":[253,436,439],"tags":[],"class_list":["post-201033","post","type-post","status-publish","format-standard","has-post-thumbnail","hentry","category-cidade","category-destaque-da-semana","category-ultima-hora"],"_links":{"self":[{"href":"https:\/\/diarioregionaldigital.com.br\/index.php?rest_route=\/wp\/v2\/posts\/201033","targetHints":{"allow":["GET"]}}],"collection":[{"href":"https:\/\/diarioregionaldigital.com.br\/index.php?rest_route=\/wp\/v2\/posts"}],"about":[{"href":"https:\/\/diarioregionaldigital.com.br\/index.php?rest_route=\/wp\/v2\/types\/post"}],"author":[{"embeddable":true,"href":"https:\/\/diarioregionaldigital.com.br\/index.php?rest_route=\/wp\/v2\/users\/246"}],"replies":[{"embeddable":true,"href":"https:\/\/diarioregionaldigital.com.br\/index.php?rest_route=%2Fwp%2Fv2%2Fcomments&post=201033"}],"version-history":[{"count":1,"href":"https:\/\/diarioregionaldigital.com.br\/index.php?rest_route=\/wp\/v2\/posts\/201033\/revisions"}],"predecessor-version":[{"id":201035,"href":"https:\/\/diarioregionaldigital.com.br\/index.php?rest_route=\/wp\/v2\/posts\/201033\/revisions\/201035"}],"wp:featuredmedia":[{"embeddable":true,"href":"https:\/\/diarioregionaldigital.com.br\/index.php?rest_route=\/wp\/v2\/media\/201034"}],"wp:attachment":[{"href":"https:\/\/diarioregionaldigital.com.br\/index.php?rest_route=%2Fwp%2Fv2%2Fmedia&parent=201033"}],"wp:term":[{"taxonomy":"category","embeddable":true,"href":"https:\/\/diarioregionaldigital.com.br\/index.php?rest_route=%2Fwp%2Fv2%2Fcategories&post=201033"},{"taxonomy":"post_tag","embeddable":true,"href":"https:\/\/diarioregionaldigital.com.br\/index.php?rest_route=%2Fwp%2Fv2%2Ftags&post=201033"}],"curies":[{"name":"wp","href":"https:\/\/api.w.org\/{rel}","templated":true}]}}