{"id":201027,"date":"2022-06-30T14:15:15","date_gmt":"2022-06-30T17:15:15","guid":{"rendered":"https:\/\/diarioregionaldigital.com.br\/?p=201027"},"modified":"2022-06-30T14:15:15","modified_gmt":"2022-06-30T17:15:15","slug":"feirinha-da-pjf-edicao-especial-de-julho-comeca-nesta-sexta-feira-1o","status":"publish","type":"post","link":"https:\/\/diarioregionaldigital.com.br\/?p=201027","title":{"rendered":"Feirinha da PJF edi\u00e7\u00e3o especial de julho come\u00e7a nesta sexta-feira, 1\u00ba"},"content":{"rendered":"<p>Segundo informa\u00e7\u00f5es do site da Prefeitura de Juiz de Fora (PJF), a\u00a0primeira edi\u00e7\u00e3o do m\u00eas de julho da Feirinha da PJF ser\u00e1 realizada nesta sexta-feira, dia 1\u00b0 de julho, das 8h \u00e0s 14h30, no p\u00e1tio do pr\u00e9dio-sede da Prefeitura de Juiz de Fora, localizado na Avenida Brasil, 2.001, no Centro.<br \/>\nNeste m\u00eas, o p\u00fablico vai encontrar queijos, embutidos, verduras e legumes, chips, bolos e biscoitos caseiros, doces veganos e muitas outras del\u00edcias produzidas pelos agricultores e produtores locais.<br \/>\nA pr\u00f3xima feira ser\u00e1 realizada na \u00faltima sexta-feira do m\u00eas, dia 29, com os mesmos produtores selecionados. Confira\u00a0<a href=\"https:\/\/www.pjf.mg.gov.br\/noticias\/view.php?modo=link2&amp;idnoticia2=75817\"><strong>aqui<\/strong><\/a>\u00a0a lista dos participantes.<br \/>\n<strong>Feirinha da PJF<\/strong><\/p>\n<p>A feira visa fomentar a agricultura familiar, sendo uma das maneiras de divulga\u00e7\u00e3o dos produtos produzidos por agricultores e produtores de Juiz de Fora e regi\u00e3o, al\u00e9m de facilitar o acesso de servidores e p\u00fablico em geral aos produtos org\u00e2nicos, agroecol\u00f3gicos, artesanais e consequentemente, alimentos mais saud\u00e1veis e de qualidade. Acesse os detalhes do projeto\u00a0<a href=\"https:\/\/www.pjf.mg.gov.br\/secretarias\/seapa\/feirinha-da-pjf\/\"><strong>aqui<\/strong><\/a>.<\/p>\n","protected":false},"excerpt":{"rendered":"<p>Segundo informa\u00e7\u00f5es do site da Prefeitura de Juiz de Fora (PJF), a\u00a0primeira edi\u00e7\u00e3o do m\u00eas de julho da Feirinha da PJF ser\u00e1 realizada nesta sexta-feira, dia 1\u00b0 de julho, das 8h \u00e0s 14h30, no p\u00e1tio do pr\u00e9dio-sede da Prefeitura de Juiz de Fora, localizado na Avenida Brasil, 2.001, no Centro. Neste m\u00eas, o p\u00fablico vai [&hellip;]<\/p>\n","protected":false},"author":246,"featured_media":201028,"comment_status":"closed","ping_status":"closed","sticky":false,"template":"","format":"standard","meta":{"footnotes":""},"categories":[253,436,439],"tags":[],"class_list":["post-201027","post","type-post","status-publish","format-standard","has-post-thumbnail","hentry","category-cidade","category-destaque-da-semana","category-ultima-hora"],"_links":{"self":[{"href":"https:\/\/diarioregionaldigital.com.br\/index.php?rest_route=\/wp\/v2\/posts\/201027","targetHints":{"allow":["GET"]}}],"collection":[{"href":"https:\/\/diarioregionaldigital.com.br\/index.php?rest_route=\/wp\/v2\/posts"}],"about":[{"href":"https:\/\/diarioregionaldigital.com.br\/index.php?rest_route=\/wp\/v2\/types\/post"}],"author":[{"embeddable":true,"href":"https:\/\/diarioregionaldigital.com.br\/index.php?rest_route=\/wp\/v2\/users\/246"}],"replies":[{"embeddable":true,"href":"https:\/\/diarioregionaldigital.com.br\/index.php?rest_route=%2Fwp%2Fv2%2Fcomments&post=201027"}],"version-history":[{"count":1,"href":"https:\/\/diarioregionaldigital.com.br\/index.php?rest_route=\/wp\/v2\/posts\/201027\/revisions"}],"predecessor-version":[{"id":201029,"href":"https:\/\/diarioregionaldigital.com.br\/index.php?rest_route=\/wp\/v2\/posts\/201027\/revisions\/201029"}],"wp:featuredmedia":[{"embeddable":true,"href":"https:\/\/diarioregionaldigital.com.br\/index.php?rest_route=\/wp\/v2\/media\/201028"}],"wp:attachment":[{"href":"https:\/\/diarioregionaldigital.com.br\/index.php?rest_route=%2Fwp%2Fv2%2Fmedia&parent=201027"}],"wp:term":[{"taxonomy":"category","embeddable":true,"href":"https:\/\/diarioregionaldigital.com.br\/index.php?rest_route=%2Fwp%2Fv2%2Fcategories&post=201027"},{"taxonomy":"post_tag","embeddable":true,"href":"https:\/\/diarioregionaldigital.com.br\/index.php?rest_route=%2Fwp%2Fv2%2Ftags&post=201027"}],"curies":[{"name":"wp","href":"https:\/\/api.w.org\/{rel}","templated":true}]}}