{"id":201017,"date":"2022-06-30T14:05:00","date_gmt":"2022-06-30T17:05:00","guid":{"rendered":"https:\/\/diarioregionaldigital.com.br\/?p=201017"},"modified":"2022-06-30T14:05:00","modified_gmt":"2022-06-30T17:05:00","slug":"libertadores-flamengo-parte-na-frente-do-tolima-na-busca-por-quartas","status":"publish","type":"post","link":"https:\/\/diarioregionaldigital.com.br\/?p=201017","title":{"rendered":"Libertadores: Flamengo parte na frente do Tolima na busca por quartas"},"content":{"rendered":"<p>O Flamengo derrotou o Tolima (Col\u00f4mbia) por 1 a 0, na noite desta quarta-feira (29) no est\u00e1dio Manuel Murillo Toro, em Ibagu\u00e9, na partida de ida das oitavas de final da Copa Libertadores. Mesmo com vit\u00f3ria magra, o Rubro-Negro fica em boa situa\u00e7\u00e3o para buscar a vaga para as quartas de final na pr\u00f3xima quarta-feira (6) no est\u00e1dio do Maracan\u00e3.<img decoding=\"async\" src=\"https:\/\/agenciabrasil.ebc.com.br\/ebc.png?id=1468463&amp;o=node\" \/><img decoding=\"async\" src=\"https:\/\/agenciabrasil.ebc.com.br\/ebc.gif?id=1468463&amp;o=node\" \/><\/p>\n<p>A etapa inicial teve uma t\u00f4nica, o Flamengo com dificuldades de controlar as a\u00e7\u00f5es enquanto o Tolima aproveitava para criar oportunidades de marcar, como aos seis minutos, quando Caicedo aproveitou bola viva na \u00e1rea para superar o goleiro Santos. Mas o lance acabou anulado por causa de posi\u00e7\u00e3o irregular do ataque colombiano.<\/p>\n<p>Apesar de n\u00e3o ser t\u00e3o dominante na primeira etapa da partida, a equipe da G\u00e1vea foi mais eficiente quando a oportunidade apareceu. Aos 16 minutos Andreas Pereira dominou a bola na entrada da \u00e1rea e acertou um belo chute para abrir o marcador. Tudo leva a crer que este foi o \u00faltimo jogo do meio-campista pelo Flamengo, que ainda n\u00e3o fez uso da op\u00e7\u00e3o de compra do jogador junto ao Manchester United (Inglaterra).<\/p>\n<p>A partir de ent\u00e3o as equipes at\u00e9 continuaram a buscar o gol advers\u00e1rio, mas as defesas prevaleceram diante de ataques pouco eficientes.<\/p>\n<p>O Flamengo volta a entrar em campo no pr\u00f3ximo s\u00e1bado (2), pelo Brasileiro. O advers\u00e1rio ser\u00e1 o Santos na Vila Belmiro.<\/p>\n<p><span style=\"font-weight: 400;\">Fonte: Ag\u00eancia Brasil <\/span><\/p>\n","protected":false},"excerpt":{"rendered":"<p>O Flamengo derrotou o Tolima (Col\u00f4mbia) por 1 a 0, na noite desta quarta-feira (29) no est\u00e1dio Manuel Murillo Toro, em Ibagu\u00e9, na partida de ida das oitavas de final da Copa Libertadores. Mesmo com vit\u00f3ria magra, o Rubro-Negro fica em boa situa\u00e7\u00e3o para buscar a vaga para as quartas de final na pr\u00f3xima quarta-feira [&hellip;]<\/p>\n","protected":false},"author":246,"featured_media":201018,"comment_status":"closed","ping_status":"closed","sticky":false,"template":"","format":"standard","meta":{"footnotes":""},"categories":[436,257,439],"tags":[],"class_list":["post-201017","post","type-post","status-publish","format-standard","has-post-thumbnail","hentry","category-destaque-da-semana","category-esporte","category-ultima-hora"],"_links":{"self":[{"href":"https:\/\/diarioregionaldigital.com.br\/index.php?rest_route=\/wp\/v2\/posts\/201017","targetHints":{"allow":["GET"]}}],"collection":[{"href":"https:\/\/diarioregionaldigital.com.br\/index.php?rest_route=\/wp\/v2\/posts"}],"about":[{"href":"https:\/\/diarioregionaldigital.com.br\/index.php?rest_route=\/wp\/v2\/types\/post"}],"author":[{"embeddable":true,"href":"https:\/\/diarioregionaldigital.com.br\/index.php?rest_route=\/wp\/v2\/users\/246"}],"replies":[{"embeddable":true,"href":"https:\/\/diarioregionaldigital.com.br\/index.php?rest_route=%2Fwp%2Fv2%2Fcomments&post=201017"}],"version-history":[{"count":1,"href":"https:\/\/diarioregionaldigital.com.br\/index.php?rest_route=\/wp\/v2\/posts\/201017\/revisions"}],"predecessor-version":[{"id":201019,"href":"https:\/\/diarioregionaldigital.com.br\/index.php?rest_route=\/wp\/v2\/posts\/201017\/revisions\/201019"}],"wp:featuredmedia":[{"embeddable":true,"href":"https:\/\/diarioregionaldigital.com.br\/index.php?rest_route=\/wp\/v2\/media\/201018"}],"wp:attachment":[{"href":"https:\/\/diarioregionaldigital.com.br\/index.php?rest_route=%2Fwp%2Fv2%2Fmedia&parent=201017"}],"wp:term":[{"taxonomy":"category","embeddable":true,"href":"https:\/\/diarioregionaldigital.com.br\/index.php?rest_route=%2Fwp%2Fv2%2Fcategories&post=201017"},{"taxonomy":"post_tag","embeddable":true,"href":"https:\/\/diarioregionaldigital.com.br\/index.php?rest_route=%2Fwp%2Fv2%2Ftags&post=201017"}],"curies":[{"name":"wp","href":"https:\/\/api.w.org\/{rel}","templated":true}]}}