{"id":201014,"date":"2022-06-30T14:03:26","date_gmt":"2022-06-30T17:03:26","guid":{"rendered":"https:\/\/diarioregionaldigital.com.br\/?p=201014"},"modified":"2022-06-30T14:03:26","modified_gmt":"2022-06-30T17:03:26","slug":"brasil-visita-uruguai-pelas-eliminatorias-da-copa-do-mundo-de-basquete","status":"publish","type":"post","link":"https:\/\/diarioregionaldigital.com.br\/?p=201014","title":{"rendered":"Brasil visita Uruguai pelas Eliminat\u00f3rias da Copa do Mundo de Basquete"},"content":{"rendered":"<p>Os jogos contra Uruguai e Col\u00f4mbia, fora de casa, que encerram a primeira fase das eliminat\u00f3rias da Copa do Mundo de basquete masculino, s\u00e3o o come\u00e7o de uma sequ\u00eancia de compromissos que a sele\u00e7\u00e3o brasileira\u00a0ter\u00e1 pela frente at\u00e9 o fim do ano, decisivos para o calend\u00e1rio de 2023. O time\u00a0de\u00a0Gustavo de Conti pode encerrar a temporada classificado &#8211; ou com a vaga encaminhada &#8211; ao Mundial, que ser\u00e1 realizado em Jap\u00e3o, Filipinas e Indon\u00e9sia, al\u00e9m de assegurado nos Jogos Pan-Americanos de Santiago (Chile).<img decoding=\"async\" src=\"https:\/\/agenciabrasil.ebc.com.br\/ebc.png?id=1468442&amp;o=node\" \/><img decoding=\"async\" src=\"https:\/\/agenciabrasil.ebc.com.br\/ebc.gif?id=1468442&amp;o=node\" \/><\/p>\n<p>O duelo contra os uruguaios ser\u00e1 nesta quinta-feira (30), \u00e0s 20h10 (hor\u00e1rio de Bras\u00edlia), em Montevid\u00e9u. No domingo (3), \u00e0s 21h40, os advers\u00e1rios ser\u00e3o os colombianos, em Barranquilla. Com vit\u00f3rias nos quatro jogos anteriores e oito pontos (dois por triunfo), o Brasil lidera o Grupo B, j\u00e1 est\u00e1 garantido na segunda fase, mas sabendo que vencer os dois compromissos \u00e9 fundamental a longo prazo, pois as sele\u00e7\u00f5es carregam a pontua\u00e7\u00e3o da primeira fase para a seguinte.<\/p>\n<p>Os tr\u00eas melhores times da chave passam de fase. O Uruguai tamb\u00e9m est\u00e1 garantido, enquanto Chile e Col\u00f4mbia brigam pela terceira vaga. Na pr\u00f3xima etapa, essas sele\u00e7\u00f5es (que n\u00e3o voltar\u00e3o a se enfrentar) estar\u00e3o no grupo de M\u00e9xico, Porto Rico e Estados Unidos, contra quem atuar\u00e3o em jogos de ida e volta. Quatro rodadas ser\u00e3o disputadas entre agosto e novembro e duas finais em\u00a0 fevereiro do ano que vem.<\/p>\n<p>Neste momento, o Brasil iniciaria a\u00a0segunda\u00a0fase com a melhor campanha da nova chave. Um segundo grupo reunir\u00e1 mais seis sele\u00e7\u00f5es (Venezuela, Argentina, Canad\u00e1 e Rep\u00fablica Dominicana est\u00e3o assegurados at\u00e9 agora). Os tr\u00eas primeiros de cada, mais o melhor quarto colocado, classificam-se para o Mundial.<\/p>\n<p>&#8220;\u00c9 important\u00edssimo sairmos com as duas vit\u00f3rias, contra Uruguai e Col\u00f4mbia, para mantermos essa vantagem e chegarmos com confian\u00e7a e moral [na pr\u00f3xima fase]&#8221;, destacou o piv\u00f4 Lucas Mariano, \u00e0\u00a0<strong>Ag\u00eancia Brasil<\/strong>.<\/p>\n<p>&#8220;Na pr\u00f3xima fase, enfrentaremos rivais muito dif\u00edceis. Estamos com alguns desfalques [como o armador Yago, que defender\u00e1 a sele\u00e7\u00e3o sub-23 em um torneio no Canad\u00e1] para esses jogos fora de casa. O Uruguai, por exemplo, veio com for\u00e7a m\u00e1xima, com jogadores que atuam na Europa, mas nossa equipe est\u00e1 muito boa, competitiva, para tentarmos ganhar esses dois jogos&#8221;, completou o armador Marcelinho Huertas, o\u00a0mais experiente\u00a0dos 14 atletas convocados por Gustavo de Conti, que se prepararam, durante a \u00faltima semana, no gin\u00e1sio Ant\u00f4nio Prado J\u00fanior, do Paulistano, em S\u00e3o Paulo.<\/p>\n<p>Em meio \u00e0s rodadas da segunda etapa das eliminat\u00f3rias, o Brasil ser\u00e1 anfitri\u00e3o da edi\u00e7\u00e3o 2022 da AmeriCup. A Copa Am\u00e9rica da modalidade ser\u00e1 disputada entre 2 a 11 de setembro, em Recife e Bras\u00edlia, com 12 equipes separadas em tr\u00eas chaves. Os brasileiros dividem o Grupo A com Uruguai, Col\u00f4mbia e Canad\u00e1. Os dois primeiros colocados, al\u00e9m dos dois melhores terceiros, passam \u00e0s quartas de final. As sete melhores sele\u00e7\u00f5es garantem lugar no Pan.<\/p>\n<p>O Brasil vem de tr\u00eas campanhas abaixo na competi\u00e7\u00e3o, da qual \u00e9 tetracampe\u00e3o e n\u00e3o conquista desde 2009. O\u00a0d\u00e9cimo\u00a0lugar na \u00faltima edi\u00e7\u00e3o, em 2017, com um grupo\u00a0reformulado\u00a0em rela\u00e7\u00e3o ao da Olimp\u00edada do Rio\u00a0de Janeiro, um ano antes, custou o lugar no Pan de Lima, em 2019. Foi a primeira vez na hist\u00f3ria que a sele\u00e7\u00e3o ficou fora do torneio.<\/p>\n<p>As convoca\u00e7\u00f5es dos demais jogos das eliminat\u00f3rias e da AmeriCup podem n\u00e3o ser as mesmas, mas a expectativa \u00e9 que boa parte dos nomes se repitam. Casos do trio campe\u00e3o do \u00faltimo Novo Basquete Brasil (NBB) pelo Sesi Franca, formado por Lucas Mariano, pelo ala-piv\u00f4 Lucas Dias e pelo armador Georginho. Se isso acontecer, eles praticamente n\u00e3o\u00a0ter\u00e3o f\u00e9rias at\u00e9 o\u00a0come\u00e7o\u00a0da pr\u00f3xima temporada da liga nacional, em outubro.<\/p>\n<p>&#8220;Tenho falado isso com o Lucas e o George: a gente escolheu estar aqui [com a sele\u00e7\u00e3o]. A gente quer representar bem nosso pa\u00eds. \u00c9 uma honra e queremos dar valor a isso. Depois a gente\u00a0ter\u00e1 um tempinho [de folga] a\u00ed, mas o foco, agora, \u00e9 esse, na felicidade e prazer de vestir essa camisa&#8221;, concluiu Mariano.<\/p>\n<p><span style=\"font-weight: 400;\">Fonte: Ag\u00eancia Brasil <\/span><\/p>\n","protected":false},"excerpt":{"rendered":"<p>Os jogos contra Uruguai e Col\u00f4mbia, fora de casa, que encerram a primeira fase das eliminat\u00f3rias da Copa do Mundo de basquete masculino, s\u00e3o o come\u00e7o de uma sequ\u00eancia de compromissos que a sele\u00e7\u00e3o brasileira\u00a0ter\u00e1 pela frente at\u00e9 o fim do ano, decisivos para o calend\u00e1rio de 2023. O time\u00a0de\u00a0Gustavo de Conti pode encerrar a [&hellip;]<\/p>\n","protected":false},"author":246,"featured_media":201015,"comment_status":"closed","ping_status":"closed","sticky":false,"template":"","format":"standard","meta":{"footnotes":""},"categories":[436,257,439],"tags":[],"class_list":["post-201014","post","type-post","status-publish","format-standard","has-post-thumbnail","hentry","category-destaque-da-semana","category-esporte","category-ultima-hora"],"_links":{"self":[{"href":"https:\/\/diarioregionaldigital.com.br\/index.php?rest_route=\/wp\/v2\/posts\/201014","targetHints":{"allow":["GET"]}}],"collection":[{"href":"https:\/\/diarioregionaldigital.com.br\/index.php?rest_route=\/wp\/v2\/posts"}],"about":[{"href":"https:\/\/diarioregionaldigital.com.br\/index.php?rest_route=\/wp\/v2\/types\/post"}],"author":[{"embeddable":true,"href":"https:\/\/diarioregionaldigital.com.br\/index.php?rest_route=\/wp\/v2\/users\/246"}],"replies":[{"embeddable":true,"href":"https:\/\/diarioregionaldigital.com.br\/index.php?rest_route=%2Fwp%2Fv2%2Fcomments&post=201014"}],"version-history":[{"count":1,"href":"https:\/\/diarioregionaldigital.com.br\/index.php?rest_route=\/wp\/v2\/posts\/201014\/revisions"}],"predecessor-version":[{"id":201016,"href":"https:\/\/diarioregionaldigital.com.br\/index.php?rest_route=\/wp\/v2\/posts\/201014\/revisions\/201016"}],"wp:featuredmedia":[{"embeddable":true,"href":"https:\/\/diarioregionaldigital.com.br\/index.php?rest_route=\/wp\/v2\/media\/201015"}],"wp:attachment":[{"href":"https:\/\/diarioregionaldigital.com.br\/index.php?rest_route=%2Fwp%2Fv2%2Fmedia&parent=201014"}],"wp:term":[{"taxonomy":"category","embeddable":true,"href":"https:\/\/diarioregionaldigital.com.br\/index.php?rest_route=%2Fwp%2Fv2%2Fcategories&post=201014"},{"taxonomy":"post_tag","embeddable":true,"href":"https:\/\/diarioregionaldigital.com.br\/index.php?rest_route=%2Fwp%2Fv2%2Ftags&post=201014"}],"curies":[{"name":"wp","href":"https:\/\/api.w.org\/{rel}","templated":true}]}}