{"id":201011,"date":"2022-06-30T13:58:36","date_gmt":"2022-06-30T16:58:36","guid":{"rendered":"https:\/\/diarioregionaldigital.com.br\/?p=201011"},"modified":"2022-06-30T13:58:36","modified_gmt":"2022-06-30T16:58:36","slug":"ana-marcela-e-pentacampea-mundial-dos-25-km-na-maratona-aquatica","status":"publish","type":"post","link":"https:\/\/diarioregionaldigital.com.br\/?p=201011","title":{"rendered":"Ana Marcela \u00e9 pentacampe\u00e3 mundial dos 25 km na maratona aqu\u00e1tica"},"content":{"rendered":"<p>A baiana Ana Marcela Cunha fez hist\u00f3ria nesta\u00a0quinta-feira (30), no Lago Lupa, em Budapeste (Hungria). A brasileira de 30 anos conquistou, pela\u00a0quinta\u00a0vez seguida, a medalha de ouro da prova de 25 quil\u00f4metros da maratona aqu\u00e1tica do Campeonato Mundial de Esportes Aqu\u00e1ticos. A ga\u00facha Cibelle Jungblut, de 19 anos, terminou na 13\u00aa coloca\u00e7\u00e3o.<img decoding=\"async\" src=\"https:\/\/agenciabrasil.ebc.com.br\/ebc.png?id=1468518&amp;o=node\" \/><img decoding=\"async\" src=\"https:\/\/agenciabrasil.ebc.com.br\/ebc.gif?id=1468518&amp;o=node\" \/><\/p>\n<p>Foi a terceira vez que Ana Marcela subiu ao p\u00f3dio\u00a0na edi\u00e7\u00e3o de Budapeste &#8211; a\u00a0segunda\u00a0no topo. Na\u00a0segunda-feira (27), ela havia sido campe\u00e3 na prova de cinco quil\u00f4metros. Na\u00a0quarta-feira (29), a baiana foi bronze nos dez quil\u00f4metros, dist\u00e2ncia ol\u00edmpica da modalidade, na qual conquistou o ouro nos Jogos de T\u00f3quio (Jap\u00e3o), no ano passado.<\/p>\n<p>Ana Marcela se manteve sempre no pelot\u00e3o de frente, revezando-se na lideran\u00e7a. A brasileira entrou na \u00faltima volta em segundo, assumindo a ponta antes da \u00faltima boia e garantindo a vit\u00f3ria na batida de m\u00e3o, em disputa acirrada com\u00a0mais tr\u00eas nadadoras, ap\u00f3s 5h24min15s de prova. Ela chegou 20 cent\u00e9simos a frente da alem\u00e3 Lea Boy, que ficou com a prata. A holandesa Sharon Van Rouwendaal foi a medalhista de bronze, a 30 cent\u00e9simos da baiana.<\/p>\n<blockquote><p>&#8220;\u00c9 uma emo\u00e7\u00e3o muito grande. Foram dias muito dif\u00edceis para poder chegar aqui. N\u00e3o sabia realmente se poderia estar neste Mundial. Gostaria de agradecer a todos que participaram da minha recupera\u00e7\u00e3o para que eu pudesse chegar aqui, poder representar bem o Brasil e conquistar estas tr\u00eas medalhas&#8221;,\u00a0festejou Ana Marcela, ao site da Confedera\u00e7\u00e3o Brasileira de Desportos Aqu\u00e1ticos (CBDA).<\/p><\/blockquote>\n<p>Na disputa masculina de 25 quil\u00f4metros, o carioca Bruce Hanson deixou a prova na pen\u00faltima volta, com dores no ombro. A vit\u00f3ria foi do italiano Dario Verani, com 5h02min21s50, um segundo e 20 cent\u00e9simos a frente do franc\u00eas Axel Reymond, que levou a prata. O bronze ficou com o h\u00fangaro Peter Galicz.<\/p>\n<p><span style=\"font-weight: 400;\">Fonte: Ag\u00eancia Brasil <\/span><\/p>\n","protected":false},"excerpt":{"rendered":"<p>A baiana Ana Marcela Cunha fez hist\u00f3ria nesta\u00a0quinta-feira (30), no Lago Lupa, em Budapeste (Hungria). A brasileira de 30 anos conquistou, pela\u00a0quinta\u00a0vez seguida, a medalha de ouro da prova de 25 quil\u00f4metros da maratona aqu\u00e1tica do Campeonato Mundial de Esportes Aqu\u00e1ticos. A ga\u00facha Cibelle Jungblut, de 19 anos, terminou na 13\u00aa coloca\u00e7\u00e3o. Foi a terceira [&hellip;]<\/p>\n","protected":false},"author":246,"featured_media":201012,"comment_status":"closed","ping_status":"closed","sticky":false,"template":"","format":"standard","meta":{"footnotes":""},"categories":[436,440,257,439],"tags":[],"class_list":["post-201011","post","type-post","status-publish","format-standard","has-post-thumbnail","hentry","category-destaque-da-semana","category-destaques-do-dia","category-esporte","category-ultima-hora"],"_links":{"self":[{"href":"https:\/\/diarioregionaldigital.com.br\/index.php?rest_route=\/wp\/v2\/posts\/201011","targetHints":{"allow":["GET"]}}],"collection":[{"href":"https:\/\/diarioregionaldigital.com.br\/index.php?rest_route=\/wp\/v2\/posts"}],"about":[{"href":"https:\/\/diarioregionaldigital.com.br\/index.php?rest_route=\/wp\/v2\/types\/post"}],"author":[{"embeddable":true,"href":"https:\/\/diarioregionaldigital.com.br\/index.php?rest_route=\/wp\/v2\/users\/246"}],"replies":[{"embeddable":true,"href":"https:\/\/diarioregionaldigital.com.br\/index.php?rest_route=%2Fwp%2Fv2%2Fcomments&post=201011"}],"version-history":[{"count":1,"href":"https:\/\/diarioregionaldigital.com.br\/index.php?rest_route=\/wp\/v2\/posts\/201011\/revisions"}],"predecessor-version":[{"id":201013,"href":"https:\/\/diarioregionaldigital.com.br\/index.php?rest_route=\/wp\/v2\/posts\/201011\/revisions\/201013"}],"wp:featuredmedia":[{"embeddable":true,"href":"https:\/\/diarioregionaldigital.com.br\/index.php?rest_route=\/wp\/v2\/media\/201012"}],"wp:attachment":[{"href":"https:\/\/diarioregionaldigital.com.br\/index.php?rest_route=%2Fwp%2Fv2%2Fmedia&parent=201011"}],"wp:term":[{"taxonomy":"category","embeddable":true,"href":"https:\/\/diarioregionaldigital.com.br\/index.php?rest_route=%2Fwp%2Fv2%2Fcategories&post=201011"},{"taxonomy":"post_tag","embeddable":true,"href":"https:\/\/diarioregionaldigital.com.br\/index.php?rest_route=%2Fwp%2Fv2%2Ftags&post=201011"}],"curies":[{"name":"wp","href":"https:\/\/api.w.org\/{rel}","templated":true}]}}