{"id":201007,"date":"2022-06-30T13:49:18","date_gmt":"2022-06-30T16:49:18","guid":{"rendered":"https:\/\/diarioregionaldigital.com.br\/?p=201007"},"modified":"2022-06-30T13:49:45","modified_gmt":"2022-06-30T16:49:45","slug":"vazio-sanitario-da-soja-comeca-dia-1o-de-julho-em-minas-gerais","status":"publish","type":"post","link":"https:\/\/diarioregionaldigital.com.br\/?p=201007","title":{"rendered":"Vazio sanit\u00e1rio da soja come\u00e7a dia 1\u00ba de julho em Minas Gerais"},"content":{"rendered":"<p>Come\u00e7a nesta sexta-feira (1\/7) e vai at\u00e9 30\/9 o per\u00edodo do vazio sanit\u00e1rio da soja em Minas Gerais. Durante 92 dias, n\u00e3o \u00e9 permitido semear ou manter plantas vivas da cultura nas lavouras mineiras. O prop\u00f3sito \u00e9 evitar a ocorr\u00eancia do fungo Phakopsora pachyrhizi, causador da ferrugem asi\u00e1tica, principal praga que acomete a soja. Esse manejo impede danos \u00e0 planta\u00e7\u00e3o e pode evitar perdas econ\u00f4micas aos sojicultores. Por preven\u00e7\u00e3o, o vazio sanit\u00e1rio \u00e9 realizado antes do plantio do gr\u00e3o.<\/p>\n<div class=\"clear col-md-10 col-md-offset-1 \">\n<p>O\u00a0<a href=\"http:\/\/ima.mg.gov.br\/\" target=\"_blank\" rel=\"noopener\">Instituto Mineiro de Agropecu\u00e1ria (IMA)<\/a>, vinculado \u00e0\u00a0<a href=\"http:\/\/www.agricultura.mg.gov.br\/\" target=\"_blank\" rel=\"noopener\">Secretaria de Agricultura, Pecu\u00e1ria e Abastecimento (Seapa)<\/a>, monitora o vazio sanit\u00e1rio principalmente no Noroeste, Tri\u00e2ngulo Mineiro e Alto Parana\u00edba, regi\u00f5es que concentram cerca de 70% da produ\u00e7\u00e3o de soja em Minas Gerais.<\/p>\n<p>Segundo o gerente de Defesa Sanit\u00e1ria Vegetal do IMA, engenheiro agr\u00f4nomo Nataniel Nogueira, o vazio sanit\u00e1rio \u00e9 um tipo de manejo que impede a sobreviv\u00eancia do fungo na entressafra e, dessa maneira, quebra o ciclo da doen\u00e7a, diminuindo a quantidade de esporos no ambiente.<\/p>\n<p>\u201cO envolvimento e comprometimento do produtor rural \u00e9 essencial para o sucesso dessa medida. A regi\u00e3o do Tri\u00e2ngulo, Alto Parana\u00edba e Noroeste s\u00e3o respons\u00e1veis pelo maior volume de toda a produ\u00e7\u00e3o da soja no estado. Refor\u00e7amos a import\u00e2ncia do produtor aderir ao per\u00edodo do vazio sanit\u00e1rio de modo a se preparar para a pr\u00f3xima safra, viabilizando mais produtividade e renda ao seu neg\u00f3cio&#8221;, recomenda.<\/p>\n<p>O fungo causador da ferrugem asi\u00e1tica da soja \u00e9 considerado \u2018biotr\u00f3fico\u2019. \u201cSignifica que ele se reproduz em plantas vivas, al\u00e9m de se dispersar facilmente aos ventos, proliferando a praga nas lavouras\u201d, explica.<\/p>\n<p>No per\u00edodo do vazio sanit\u00e1rio, ao constatar a presen\u00e7a de planta volunt\u00e1ria de soja (guaxa) na propriedade, o produtor deve providenciar imediatamente sua erradica\u00e7\u00e3o. \u201cO objetivo \u00e9 evitar a sobreviv\u00eancia do fungo que causa a contamina\u00e7\u00e3o da lavoura, al\u00e9m de acarretar preju\u00edzo econ\u00f4mico\u201d, completa.<\/p>\n<p><strong>Declara\u00e7\u00e3o de conformidade<\/strong><\/p>\n<p>Em Minas Gerais, o produtor de soja deve declarar ao IMA a conformidade do cumprimento do vazio sanit\u00e1rio em sua lavoura. O prazo para o envio da declara\u00e7\u00e3o \u00e9 at\u00e9 31\/7\/2022. A declara\u00e7\u00e3o pode ser feita utilizando o formul\u00e1rio on-line,\u00a0<a href=\"http:\/\/ima.mg.gov.br\/comunicados\/1562-defesa-vegetal\/1778-declaracao-de-conformidade-para-o-vazio-sanitario-da-soja\" target=\"_blank\" rel=\"noopener\">dispon\u00edvel aqui<\/a>.<\/p>\n<p><span style=\"font-weight: 400;\">Fonte: Ag\u00eancia Minas <\/span><\/p>\n<\/div>\n<p>&nbsp;<\/p>\n","protected":false},"excerpt":{"rendered":"<p>Come\u00e7a nesta sexta-feira (1\/7) e vai at\u00e9 30\/9 o per\u00edodo do vazio sanit\u00e1rio da soja em Minas Gerais. Durante 92 dias, n\u00e3o \u00e9 permitido semear ou manter plantas vivas da cultura nas lavouras mineiras. O prop\u00f3sito \u00e9 evitar a ocorr\u00eancia do fungo Phakopsora pachyrhizi, causador da ferrugem asi\u00e1tica, principal praga que acomete a soja. Esse [&hellip;]<\/p>\n","protected":false},"author":246,"featured_media":201008,"comment_status":"closed","ping_status":"closed","sticky":false,"template":"","format":"standard","meta":{"footnotes":""},"categories":[436,254,439],"tags":[],"class_list":["post-201007","post","type-post","status-publish","format-standard","has-post-thumbnail","hentry","category-destaque-da-semana","category-politica","category-ultima-hora"],"_links":{"self":[{"href":"https:\/\/diarioregionaldigital.com.br\/index.php?rest_route=\/wp\/v2\/posts\/201007","targetHints":{"allow":["GET"]}}],"collection":[{"href":"https:\/\/diarioregionaldigital.com.br\/index.php?rest_route=\/wp\/v2\/posts"}],"about":[{"href":"https:\/\/diarioregionaldigital.com.br\/index.php?rest_route=\/wp\/v2\/types\/post"}],"author":[{"embeddable":true,"href":"https:\/\/diarioregionaldigital.com.br\/index.php?rest_route=\/wp\/v2\/users\/246"}],"replies":[{"embeddable":true,"href":"https:\/\/diarioregionaldigital.com.br\/index.php?rest_route=%2Fwp%2Fv2%2Fcomments&post=201007"}],"version-history":[{"count":2,"href":"https:\/\/diarioregionaldigital.com.br\/index.php?rest_route=\/wp\/v2\/posts\/201007\/revisions"}],"predecessor-version":[{"id":201010,"href":"https:\/\/diarioregionaldigital.com.br\/index.php?rest_route=\/wp\/v2\/posts\/201007\/revisions\/201010"}],"wp:featuredmedia":[{"embeddable":true,"href":"https:\/\/diarioregionaldigital.com.br\/index.php?rest_route=\/wp\/v2\/media\/201008"}],"wp:attachment":[{"href":"https:\/\/diarioregionaldigital.com.br\/index.php?rest_route=%2Fwp%2Fv2%2Fmedia&parent=201007"}],"wp:term":[{"taxonomy":"category","embeddable":true,"href":"https:\/\/diarioregionaldigital.com.br\/index.php?rest_route=%2Fwp%2Fv2%2Fcategories&post=201007"},{"taxonomy":"post_tag","embeddable":true,"href":"https:\/\/diarioregionaldigital.com.br\/index.php?rest_route=%2Fwp%2Fv2%2Ftags&post=201007"}],"curies":[{"name":"wp","href":"https:\/\/api.w.org\/{rel}","templated":true}]}}