{"id":201004,"date":"2022-06-30T13:39:57","date_gmt":"2022-06-30T16:39:57","guid":{"rendered":"https:\/\/diarioregionaldigital.com.br\/?p=201004"},"modified":"2022-06-30T13:39:57","modified_gmt":"2022-06-30T16:39:57","slug":"recupera-minas-ja-atendeu-58-mil-desabrigados-pelas-chuvas","status":"publish","type":"post","link":"https:\/\/diarioregionaldigital.com.br\/?p=201004","title":{"rendered":"Recupera Minas j\u00e1 atendeu 58 mil desabrigados pelas chuvas"},"content":{"rendered":"<p>O eixo de Assist\u00eancia Social do plano Recupera Minas j\u00e1 repassou R$ 86,2 milh\u00f5es para os 231 munic\u00edpios que decretaram estado de emerg\u00eancia em raz\u00e3o das fortes chuvas que atingiram o estado entre o fim de 2021 e o in\u00edcio deste ano. No total, o\u00a0<a href=\"http:\/\/www.mg.gov.br\/\" target=\"_blank\" rel=\"noopener\">Governo de Minas<\/a>, por meio da\u00a0<a href=\"http:\/\/www.social.mg.gov.br\/\" target=\"_blank\" rel=\"noopener\">Secretaria de Estado de Desenvolvimento Social (Sedese)<\/a>, reservou R$ 94,5 milh\u00f5es para socorrer a popula\u00e7\u00e3o atingida nos munic\u00edpios que integram o programa. Atualmente, 58 mil pessoas desabrigadas pelas chuvas j\u00e1 foram atendidas pelo plano.<\/p>\n<p>O Recupera Minas destinou aos munic\u00edpios o valor de R$ 1,2 mil\u00a0por pessoa desabrigada ou desalojada, pago\u00a0em tr\u00eas parcelas de R$ 400. O repasse poderia ser utilizado para aquisi\u00e7\u00e3o de cestas b\u00e1sicas, m\u00f3veis, kits de higiene ou para concess\u00e3o de benef\u00edcio \u00e0s fam\u00edlias atingidas.<\/p>\n<p>Para receber o aux\u00edlio, os munic\u00edpios precisavam ter o estado de calamidade ou emerg\u00eancia reconhecido pela\u00a0<a href=\"http:\/\/www.defesacivil.mg.gov.br\/\" target=\"_blank\" rel=\"noopener\">Defesa Civil<\/a>\u00a0entre 1\/12\/2021 e 17\/1\/2022. Dos 231 munic\u00edpios que aderiram ao programa, 176 j\u00e1 receberam as tr\u00eas parcelas, totalizando repasse de R$ 67,9 milh\u00f5es. Os outros 55\u00a0munic\u00edpios est\u00e3o com o pagamento em processamento ou em fase de preenchimento do Plano de Servi\u00e7os no sistema Sigcon. Se munic\u00edpios que ainda n\u00e3o finalizaram o plano\u00a0terminarem o preenchimento, o n\u00famero de benefici\u00e1rios atendidos poder\u00e1\u00a0ultrapassar a marca de\u00a078,7\u00a0mil pessoas.<\/p>\n<p>O superintendente de Prote\u00e7\u00e3o Social B\u00e1sica da Sedese, Elder Gabrich, destaca a import\u00e2ncia dos recursos diante de um cen\u00e1rio de calamidade provocada pelas chuvas e tamb\u00e9m pela pandemia de covid-19.<\/p>\n<p>\u201cA Sedese considera extremamente importante essa transfer\u00eancia, porque \u00e9 nos munic\u00edpios que as fam\u00edlias vulner\u00e1veis s\u00e3o atendidas. A maior parte dos recursos foi transferida diretamente para os cidad\u00e3os, na modalidade de benef\u00edcio eventual, para que pudessem adquirir bens necess\u00e1rios \u00e0 reestrutura\u00e7\u00e3o de sua vida t\u00e3o afetada com as chuvas e tamb\u00e9m com a crise sanit\u00e1ria provocada pelo novo coronav\u00edrus\u201d, afirma.<\/p>\n<p><strong>Recupera Minas<\/strong><\/p>\n<p>O\u00a0Plano Recupera Minas, em totalidade, prev\u00ea a destina\u00e7\u00e3o de R$ 603 milh\u00f5es em recursos estaduais para a\u00e7\u00f5es de infraestrutura e suporte a pessoas e cidades afetadas pelos fortes temporais no estado. A iniciativa conta com medidas imediatas ou de r\u00e1pida implementa\u00e7\u00e3o e foi elaborado ap\u00f3s o governo ouvir as prefeituras e atingidos, mapear as principais demandas e realizar estudos que garantam a viabilidade das a\u00e7\u00f5es.<\/p>\n<p>Al\u00e9m do trabalho estrat\u00e9gico para a recupera\u00e7\u00e3o dos danos dos temporais, o Estado atuou no trabalho de resgate das v\u00edtimas e com a ajuda humanit\u00e1ria, como doa\u00e7\u00f5es de cestas b\u00e1sicas, colch\u00f5es, kit dormit\u00f3rio e kit higiene e limpeza como forma suplementar \u00e0s cidades.<\/p>\n<p><strong>Cr\u00e9dito<\/strong><\/p>\n<p>Para solucionar os problemas causados pelas fortes chuvas que afetaram centenas de munic\u00edpios desde o ano passado, o\u00a0<a href=\"http:\/\/www.bdmg.mg.gov.br\/\" target=\"_blank\" rel=\"noopener\">Banco de Desenvolvimento de Minas Gerais (BDMG)<\/a>\u00a0disponibilizou linhas de cr\u00e9dito emergenciais com condi\u00e7\u00f5es diferenciadas para micro e pequenas empresas (MPEs) e prefeituras de cidades que decretaram estado emerg\u00eancia ou calamidade por conta das chuvas.<\/p>\n<p>Para as MPEs, foram desembolsados aproximadamente R$ 160 milh\u00f5es para \u00a0fortalecer o capital de giro e viabilizar amplia\u00e7\u00f5es, reformas, compra de equipamentos e insumos ou reorganiza\u00e7\u00e3o de d\u00edvidas.<\/p>\n<p>J\u00e1 para as prefeituras, foram habilitados projetos no valor de R$ 56 milh\u00f5es para viabilizar investimentos em melhoria da infraestrutura urbana e R$ 253 milh\u00f5es para as prefeituras viabilizarem projetos de habita\u00e7\u00e3o popular. O desembolso para estes projetos depende da aprova\u00e7\u00e3o de leis autorizativas por parte das prefeituras junto \u00e0s C\u00e2maras Municipais para que o processo de contrata\u00e7\u00e3o do cr\u00e9dito possa ocorrer.<\/p>\n<p><span style=\"font-weight: 400;\"><br \/>\n<\/span><span style=\"font-weight: 400;\">Fonte: Ag\u00eancia Minas <\/span><\/p>\n","protected":false},"excerpt":{"rendered":"<p>O eixo de Assist\u00eancia Social do plano Recupera Minas j\u00e1 repassou R$ 86,2 milh\u00f5es para os 231 munic\u00edpios que decretaram estado de emerg\u00eancia em raz\u00e3o das fortes chuvas que atingiram o estado entre o fim de 2021 e o in\u00edcio deste ano. No total, o\u00a0Governo de Minas, por meio da\u00a0Secretaria de Estado de Desenvolvimento Social [&hellip;]<\/p>\n","protected":false},"author":246,"featured_media":201005,"comment_status":"closed","ping_status":"closed","sticky":false,"template":"","format":"standard","meta":{"footnotes":""},"categories":[436,254,439],"tags":[],"class_list":["post-201004","post","type-post","status-publish","format-standard","has-post-thumbnail","hentry","category-destaque-da-semana","category-politica","category-ultima-hora"],"_links":{"self":[{"href":"https:\/\/diarioregionaldigital.com.br\/index.php?rest_route=\/wp\/v2\/posts\/201004","targetHints":{"allow":["GET"]}}],"collection":[{"href":"https:\/\/diarioregionaldigital.com.br\/index.php?rest_route=\/wp\/v2\/posts"}],"about":[{"href":"https:\/\/diarioregionaldigital.com.br\/index.php?rest_route=\/wp\/v2\/types\/post"}],"author":[{"embeddable":true,"href":"https:\/\/diarioregionaldigital.com.br\/index.php?rest_route=\/wp\/v2\/users\/246"}],"replies":[{"embeddable":true,"href":"https:\/\/diarioregionaldigital.com.br\/index.php?rest_route=%2Fwp%2Fv2%2Fcomments&post=201004"}],"version-history":[{"count":1,"href":"https:\/\/diarioregionaldigital.com.br\/index.php?rest_route=\/wp\/v2\/posts\/201004\/revisions"}],"predecessor-version":[{"id":201006,"href":"https:\/\/diarioregionaldigital.com.br\/index.php?rest_route=\/wp\/v2\/posts\/201004\/revisions\/201006"}],"wp:featuredmedia":[{"embeddable":true,"href":"https:\/\/diarioregionaldigital.com.br\/index.php?rest_route=\/wp\/v2\/media\/201005"}],"wp:attachment":[{"href":"https:\/\/diarioregionaldigital.com.br\/index.php?rest_route=%2Fwp%2Fv2%2Fmedia&parent=201004"}],"wp:term":[{"taxonomy":"category","embeddable":true,"href":"https:\/\/diarioregionaldigital.com.br\/index.php?rest_route=%2Fwp%2Fv2%2Fcategories&post=201004"},{"taxonomy":"post_tag","embeddable":true,"href":"https:\/\/diarioregionaldigital.com.br\/index.php?rest_route=%2Fwp%2Fv2%2Ftags&post=201004"}],"curies":[{"name":"wp","href":"https:\/\/api.w.org\/{rel}","templated":true}]}}