{"id":200997,"date":"2022-06-30T13:34:06","date_gmt":"2022-06-30T16:34:06","guid":{"rendered":"https:\/\/diarioregionaldigital.com.br\/?p=200997"},"modified":"2022-06-30T13:34:06","modified_gmt":"2022-06-30T16:34:06","slug":"novos-municipios-atingidos-recebem-equipamentos-e-maquinarios-previstos-no-termo-de-reparacao-de-brumadinho","status":"publish","type":"post","link":"https:\/\/diarioregionaldigital.com.br\/?p=200997","title":{"rendered":"Novos munic\u00edpios atingidos recebem equipamentos e maquin\u00e1rios previstos no Termo de Repara\u00e7\u00e3o de Brumadinho"},"content":{"rendered":"<p>Nesta quarta-feira (29\/6), o\u00a0<a href=\"https:\/\/www.mg.gov.br\/\" target=\"_blank\" rel=\"noopener noreferrer\" data-auth=\"NotApplicable\" data-linkindex=\"0\">Governo de Minas<\/a>\u00a0acompanhou mais quatro entregas previstas no Termo de Repara\u00e7\u00e3o dos danos provocados pelo rompimento das barragens da Vale em Brumadinho. Os munic\u00edpios de Par\u00e1 de Minas, Esmeraldas e Mateus Leme foram contemplados com bens, equipamentos e mobili\u00e1rios para moderniza\u00e7\u00e3o das salas de urg\u00eancia de unidades de sa\u00fade dos munic\u00edpios, enquanto o munic\u00edpio de Biquinhas recebeu um caminh\u00e3o ca\u00e7amba. A secret\u00e1ria de Estado de\u00a0<a href=\"https:\/\/planejamento.mg.gov.br\/\" target=\"_blank\" rel=\"noopener noreferrer\" data-auth=\"NotApplicable\" data-linkindex=\"1\">Planejamento e Gest\u00e3o (Seplag-MG)<\/a>, Lu\u00edsa Barreto, participou das solenidades de entrega em Par\u00e1 de Minas e Biquinhas.<\/p>\n<p>As iniciativas fazem parte dos projetos\u00a0\u201cEstrutura\u00e7\u00e3o de Salas de Urg\u00eancia\u201d\u00a0e \u201cManuten\u00e7\u00e3o de estradas rurais e trabalhos de recupera\u00e7\u00e3o ambiental\u201d, que integram o termo de repara\u00e7\u00e3o de Brumadinho. At\u00e9 agora, 14 munic\u00edpios, de um total de 18, j\u00e1 receberam os equipamentos de sa\u00fade e 19 munic\u00edpios, de um total de 25, os maquin\u00e1rios para melhoria de estradas rurais.<b>\u00a0<\/b><\/p>\n<p>\u201cAs pessoas que moram nos munic\u00edpios atingidos precisam receber as melhorias decorrentes deste termo. J\u00e1 que a dor \u00e9 irrepar\u00e1vel, que a gente consiga, pelo menos, construir legados de melhorias nesses munic\u00edpios. Neste sentido, fizemos uma consulta popular para entender e ouvir da popula\u00e7\u00e3o o que ela considerava mais relevante, e tamb\u00e9m temos tido trocas permanentes com as prefeituras para que elas possam nos orientar e direcionar sobre as prioridades estabelecidas nos respectivos munic\u00edpios\u201d, ressaltou a secret\u00e1ria Lu\u00edsa Barreto.<b>\u00a0<\/b><\/p>\n<p><b>Sa\u00fade<\/b><b>\u00a0<\/b><\/p>\n<p>Ao todo, 18 munic\u00edpios ir\u00e3o receber bens, equipamentos e mobili\u00e1rios para estrutura\u00e7\u00e3o de salas de urg\u00eancia nas unidades de sa\u00fade, seguindo as diretrizes do Sistema \u00danico de Sa\u00fade (SUS) e com acompanhamento da\u00a0<a href=\"https:\/\/www.saude.mg.gov.br\/\" target=\"_blank\" rel=\"noopener noreferrer\" data-auth=\"NotApplicable\" data-linkindex=\"2\">Secretaria de Estado de Sa\u00fade de Minas Gerais (SES-MG)<\/a>.\u00a0Para estrutura\u00e7\u00e3o de cada sala de urg\u00eancia, o valor estimado \u00e9 de R$ 825 mil.<b>\u00a0<\/b><\/p>\n<p>Os munic\u00edpios est\u00e3o recebendo um conjunto de\u00a037 equipamentos como respiradores, monitores, ultrassom e camas hospitalares. Os equipamentos, inclusive, j\u00e1 come\u00e7aram a ser usados nas unidades de sa\u00fade.\u00a0<b>\u00a0<\/b><\/p>\n<p>Em Par\u00e1 de Minas, al\u00e9m da secret\u00e1ria Lu\u00edsa Barreto, a entrega tamb\u00e9m foi acompanhada pelo procurador da Rep\u00fablica Carlos Bruno Ferreira da Silva, representante do Minist\u00e9rio P\u00fablico Federal, um dos compromitentes do termo de repara\u00e7\u00e3o.<\/p>\n<p>\u201cEssas entregas s\u00e3o muito importantes porque marcam o come\u00e7o da recupera\u00e7\u00e3o da economia e condi\u00e7\u00e3o social dos munic\u00edpios impactados por essa terr\u00edvel trag\u00e9dia. Isso demonstra que n\u00e3o somente a cidade de Brumadinho \u00e9 uma preocupa\u00e7\u00e3o essencial dos compromitentes, mas todos os mais de 20 munic\u00edpios que tamb\u00e9m foram afetados e necessitam dessa compensa\u00e7\u00e3o financeira fruto do acordo\u201d, observou.\u00a0<b>\u00a0<\/b><\/p>\n<p>O prefeito de Par\u00e1 de Minas, Elias Diniz, comemorou a chegada dos equipamentos: \u201cEles v\u00e3o nos ajudar a salvar muitas vidas. Boa parte dos equipamentos que t\u00ednhamos nessa unidade de sa\u00fade eram locados, o que representava um custo para o munic\u00edpio. Agora vamos poder dar aten\u00e7\u00e3o a outras \u00e1reas. Isso \u00e9 a realiza\u00e7\u00e3o de um trabalho conjunto para deixar um legado para as futuras gera\u00e7\u00f5es e compensar a nossa sociedade, conferindo mais dignidade e acolhimento \u00e0 popula\u00e7\u00e3o\u201d.\u00a0<b>\u00a0<\/b><\/p>\n<p>Com Par\u00e1 de Minas, j\u00e1 s\u00e3o\u00a014\u00a0munic\u00edpios atendidos. Nesta quarta-feira (29\/6), Esmeraldas e Mateus Leme tamb\u00e9m receberam os equipamentos, com acompanhamento da SES-MG. As entregas nas cidades de Brumadinho, Betim, Paraopeba, Curvelo, Felixl\u00e2ndia, Tr\u00eas Marias, Pomp\u00e9u, Abaet\u00e9, Igarap\u00e9, Juatuba e S\u00e3o Joaquim de Bicas foram realizadas nas \u00faltimas semanas.\u00a0<b>\u00a0<\/b><\/p>\n<p>Ao acompanhar a entrega em Esmeraldas, a superintendente da Regional de Sa\u00fade Belo Horizonte, D\u00e9bora Marques Tavares, falou da relev\u00e2ncia dos equipamentos para a estrutura\u00e7\u00e3o da urg\u00eancia no primeiro atendimento no munic\u00edpio.<\/p>\n<p>\u201c\u00c9 muito importante para a popula\u00e7\u00e3o a qualifica\u00e7\u00e3o dessa sala para urg\u00eancias cl\u00ednicas, cir\u00fargicas e traum\u00e1ticas. Temos certeza que esses equipamentos que j\u00e1 chegaram v\u00e3o contribuir muito para essa qualifica\u00e7\u00e3o\u201d, afirmou. \u201cVai salvar vidas, vamos ter um atendimento do SUS estruturado\u201d.<b>\u00a0<\/b><\/p>\n<p>Biquinhas, Morada Nova de Minas, Papagaio e S\u00e3o Gon\u00e7alo do Abaet\u00e9 receber\u00e3o os equipamentos posteriormente, ap\u00f3s conclus\u00e3o do processo de adequa\u00e7\u00e3o f\u00edsica das unidades de sa\u00fade para recebimento do projeto.<b>\u00a0<\/b><\/p>\n<p><b>Infraestrutura<\/b><b>\u00a0<\/b><\/p>\n<p>Pelo projeto \u201cManuten\u00e7\u00e3o de estradas rurais e trabalhos de recupera\u00e7\u00e3o ambiental\u201d, ser\u00e3o entregues 75 m\u00e1quinas para melhorias de infraestrutura a 25 cidades da bacia do Rio Paraopeba, sendo tr\u00eas m\u00e1quinas para cada munic\u00edpio.<br aria-hidden=\"true\" \/><br aria-hidden=\"true\" \/>Em Biquinhas, a secret\u00e1ria Lu\u00edsa Barreto salientou a import\u00e2ncia do equipamento para o munic\u00edpio, que possui extensa \u00e1rea rural. \u201cInclusive, em janeiro deste ano a cidade sofreu muito com as chuvas e as estradas rurais precisam de manuten\u00e7\u00e3o. Ent\u00e3o, a gente percebe como esse maquin\u00e1rio vai ser bem utilizado aqui e facilitar a vida dos moradores, melhorar o escoamento da produ\u00e7\u00e3o agr\u00edcola e, com certeza, trazer mais desenvolvimento para o munic\u00edpio\u201d.<b>\u00a0<\/b><\/p>\n<p>O prefeito da cidade, Arisleu Ferreira Pires, v\u00ea a chegada do caminh\u00e3o ca\u00e7amba para a recupera\u00e7\u00e3o das estradas vicinais da cidade com grande otimismo. \u201cEste \u00e9 um dia importante para Biquinhas porque vai ajudar muito a nossa cidade\u201d, comentou.\u00a0<b>\u00a0<\/b><\/p>\n<p>Al\u00e9m de Biquinhas, os munic\u00edpios de Paraopeba, Pequi, Curvelo, Esmeraldas, Felixl\u00e2ndia, Florestal, Igarap\u00e9, Juatuba, Betim, Fortuna de Minas, Abaet\u00e9, Pomp\u00e9u, Caetan\u00f3polis, Morada Nova de Minas, Paineiras, M\u00e1rio Campos, Mateus Leme e S\u00e3o Joaquim de Bicas j\u00e1 receberam m\u00e1quinas. Tamb\u00e9m ser\u00e3o beneficiados os munic\u00edpios de Maravilhas, Papagaios, Par\u00e1 de Minas, S\u00e3o Gon\u00e7alo do Abaet\u00e9, S\u00e3o Jos\u00e9 de Varginha e Tr\u00eas Marias.\u00a0<b>\u00a0<\/b><\/p>\n<p>At\u00e9 o momento, foram entregues 24 m\u00e1quinas, entre motoniveladoras, p\u00e1s-carregadeiras, retroescavadeiras, caminh\u00f5es-basculante, caminh\u00f5es-carro\u00e7a, caminh\u00f5es-pipa e caminh\u00f5es-ca\u00e7amba. Os equipamentos s\u00e3o escolhidos pelos gestores municipais, conforme as necessidades dos munic\u00edpios. J\u00e1 as entregas pelos fornecedores, obedecem \u00e0 disponibilidade das m\u00e1quinas no mercado.<b>\u00a0<\/b><\/p>\n<p><b>Termo de Repara\u00e7\u00e3o<\/b><b>\u00a0<\/b><\/p>\n<p>O Governo de Minas, o Minist\u00e9rio P\u00fablico de Minas Gerais (MPMG), o Minist\u00e9rio P\u00fablico Federal (MPF) e a Defensoria P\u00fablica de Minas Gerais (DPMG) assinaram com a Vale S.A., em 4\/2\/2021, o termo de repara\u00e7\u00e3o, sob media\u00e7\u00e3o do Tribunal de Justi\u00e7a de Minas Gerais (TJMG). O documento garantiu que a empresa fosse imediatamente responsabilizada pelos danos causados \u00e0s regi\u00f5es atingidas e \u00e0 sociedade mineira pelo rompimento das barragens B-I, B-IV e B-IVA na Mina C\u00f3rrego do Feij\u00e3o, em Brumadinho, em janeiro de 2019.\u00a0<b>\u00a0<\/b><\/p>\n<p>O rompimento tirou a vida de 272 pessoas e gerou uma s\u00e9rie de impactos sociais, ambientais e econ\u00f4micos na bacia do Rio Paraopeba e em todo o estado de Minas Gerais.<b><\/p>\n<p><\/b><span style=\"font-weight: 400;\">Fonte: Ag\u00eancia Minas <\/span><\/p>\n","protected":false},"excerpt":{"rendered":"<p>Nesta quarta-feira (29\/6), o\u00a0Governo de Minas\u00a0acompanhou mais quatro entregas previstas no Termo de Repara\u00e7\u00e3o dos danos provocados pelo rompimento das barragens da Vale em Brumadinho. Os munic\u00edpios de Par\u00e1 de Minas, Esmeraldas e Mateus Leme foram contemplados com bens, equipamentos e mobili\u00e1rios para moderniza\u00e7\u00e3o das salas de urg\u00eancia de unidades de sa\u00fade dos munic\u00edpios, enquanto [&hellip;]<\/p>\n","protected":false},"author":246,"featured_media":200998,"comment_status":"closed","ping_status":"closed","sticky":false,"template":"","format":"standard","meta":{"footnotes":""},"categories":[436,440,254,439],"tags":[],"class_list":["post-200997","post","type-post","status-publish","format-standard","has-post-thumbnail","hentry","category-destaque-da-semana","category-destaques-do-dia","category-politica","category-ultima-hora"],"_links":{"self":[{"href":"https:\/\/diarioregionaldigital.com.br\/index.php?rest_route=\/wp\/v2\/posts\/200997","targetHints":{"allow":["GET"]}}],"collection":[{"href":"https:\/\/diarioregionaldigital.com.br\/index.php?rest_route=\/wp\/v2\/posts"}],"about":[{"href":"https:\/\/diarioregionaldigital.com.br\/index.php?rest_route=\/wp\/v2\/types\/post"}],"author":[{"embeddable":true,"href":"https:\/\/diarioregionaldigital.com.br\/index.php?rest_route=\/wp\/v2\/users\/246"}],"replies":[{"embeddable":true,"href":"https:\/\/diarioregionaldigital.com.br\/index.php?rest_route=%2Fwp%2Fv2%2Fcomments&post=200997"}],"version-history":[{"count":1,"href":"https:\/\/diarioregionaldigital.com.br\/index.php?rest_route=\/wp\/v2\/posts\/200997\/revisions"}],"predecessor-version":[{"id":200999,"href":"https:\/\/diarioregionaldigital.com.br\/index.php?rest_route=\/wp\/v2\/posts\/200997\/revisions\/200999"}],"wp:featuredmedia":[{"embeddable":true,"href":"https:\/\/diarioregionaldigital.com.br\/index.php?rest_route=\/wp\/v2\/media\/200998"}],"wp:attachment":[{"href":"https:\/\/diarioregionaldigital.com.br\/index.php?rest_route=%2Fwp%2Fv2%2Fmedia&parent=200997"}],"wp:term":[{"taxonomy":"category","embeddable":true,"href":"https:\/\/diarioregionaldigital.com.br\/index.php?rest_route=%2Fwp%2Fv2%2Fcategories&post=200997"},{"taxonomy":"post_tag","embeddable":true,"href":"https:\/\/diarioregionaldigital.com.br\/index.php?rest_route=%2Fwp%2Fv2%2Ftags&post=200997"}],"curies":[{"name":"wp","href":"https:\/\/api.w.org\/{rel}","templated":true}]}}