{"id":200994,"date":"2022-06-30T13:09:00","date_gmt":"2022-06-30T16:09:00","guid":{"rendered":"https:\/\/diarioregionaldigital.com.br\/?p=200994"},"modified":"2022-06-30T13:09:00","modified_gmt":"2022-06-30T16:09:00","slug":"governo-conclui-pagamento-da-parcela-de-junho-do-auxilio-brasil","status":"publish","type":"post","link":"https:\/\/diarioregionaldigital.com.br\/?p=200994","title":{"rendered":"Governo conclui pagamento da parcela de junho do Aux\u00edlio Brasil"},"content":{"rendered":"<p>A Caixa Econ\u00f4mica Federal conclui\u00a0hoje\u00a0(30) o pagamento da parcela\u00a0de junho\u00a0do programa Aux\u00edlio Brasil. Recebem\u00a0nesta\u00a0quinta-feira\u00a0os benefici\u00e1rios com N\u00famero de Inscri\u00e7\u00e3o Social (NIS) de final 0. O valor m\u00ednimo do benef\u00edcio \u00e9 R$ 400. As datas seguem o modelo do Bolsa Fam\u00edlia\u00a0que pagava nos dez \u00faltimos dias \u00fateis do m\u00eas.<img decoding=\"async\" src=\"https:\/\/agenciabrasil.ebc.com.br\/ebc.png?id=1468472&amp;o=node\" \/><img decoding=\"async\" src=\"https:\/\/agenciabrasil.ebc.com.br\/ebc.gif?id=1468472&amp;o=node\" \/><\/p>\n<p>O benefici\u00e1rio poder\u00e1 consultar informa\u00e7\u00f5es sobre as datas de pagamento, o valor do benef\u00edcio e a composi\u00e7\u00e3o das parcelas em dois aplicativos: Aux\u00edlio Brasil, desenvolvido para o programa social, e Caixa Tem, usado para acompanhar as contas poupan\u00e7a digitais do banco.<\/p>\n<p>Atualmente, 17,5 milh\u00f5es de fam\u00edlias s\u00e3o atendidas pelo programa. No in\u00edcio do ano, 3 milh\u00f5es foram inclu\u00eddas no Aux\u00edlio Brasil.<\/p>\n<h2>Veja o calend\u00e1rio:<\/h2>\n<table class=\"dcf-table dcf-table-responsive dcf-table-bordered dcf-table-striped dcf-w-100%\">\n<tbody>\n<tr>\n<td>NIS<\/td>\n<td>jun<\/td>\n<td>jul<\/td>\n<td>ago<\/td>\n<td>set<\/td>\n<td>out<\/td>\n<td>nov<\/td>\n<td>dez<\/td>\n<\/tr>\n<tr>\n<td>1<\/td>\n<td>17\/06<\/td>\n<td>18\/07<\/td>\n<td>18\/08<\/td>\n<td>19\/09<\/td>\n<td>18\/10<\/td>\n<td>17\/11<\/td>\n<td>12\/12<\/td>\n<\/tr>\n<tr>\n<td>2<\/td>\n<td>20\/06<\/td>\n<td>19\/07<\/td>\n<td>19\/08<\/td>\n<td>20\/09<\/td>\n<td>19\/10<\/td>\n<td>18\/11<\/td>\n<td>13\/12<\/td>\n<\/tr>\n<tr>\n<td>3<\/td>\n<td>21\/06<\/td>\n<td>20\/07<\/td>\n<td>22\/08<\/td>\n<td>21\/09<\/td>\n<td>20\/10<\/td>\n<td>21\/11<\/td>\n<td>14\/12<\/td>\n<\/tr>\n<tr>\n<td>4<\/td>\n<td>22\/06<\/td>\n<td>21\/07<\/td>\n<td>23\/08<\/td>\n<td>22\/09<\/td>\n<td>21\/10<\/td>\n<td>22\/11<\/td>\n<td>15\/12<\/td>\n<\/tr>\n<tr>\n<td>5<\/td>\n<td>23\/06<\/td>\n<td>22\/07<\/td>\n<td>24\/08<\/td>\n<td>23\/09<\/td>\n<td>24\/10<\/td>\n<td>23\/11<\/td>\n<td>16\/12<\/td>\n<\/tr>\n<tr>\n<td>6<\/td>\n<td>24\/06<\/td>\n<td>25\/07<\/td>\n<td>25\/08<\/td>\n<td>26\/09<\/td>\n<td>25\/10<\/td>\n<td>24\/11<\/td>\n<td>19\/12<\/td>\n<\/tr>\n<tr>\n<td>7<\/td>\n<td>27\/06<\/td>\n<td>26\/07<\/td>\n<td>26\/08<\/td>\n<td>27\/09<\/td>\n<td>26\/10<\/td>\n<td>25\/11<\/td>\n<td>20\/12<\/td>\n<\/tr>\n<tr>\n<td>8<\/td>\n<td>28\/06<\/td>\n<td>27\/07<\/td>\n<td>29\/08<\/td>\n<td>28\/09<\/td>\n<td>27\/10<\/td>\n<td>28\/11<\/td>\n<td>21\/12<\/td>\n<\/tr>\n<tr>\n<td>9<\/td>\n<td>29\/06<\/td>\n<td>28\/07<\/td>\n<td>30\/08<\/td>\n<td>29\/09<\/td>\n<td>28\/10<\/td>\n<td>29\/11<\/td>\n<td>22\/12<\/td>\n<\/tr>\n<tr>\n<td>0<\/td>\n<td>30\/06<\/td>\n<td>29\/07<\/td>\n<td>31\/08<\/td>\n<td>30\/09<\/td>\n<td>31\/10<\/td>\n<td>30\/11<\/td>\n<td>23\/12<\/td>\n<\/tr>\n<\/tbody>\n<\/table>\n<h2>Aux\u00edlio G\u00e1s<\/h2>\n<p>Termina tamb\u00e9m\u00a0hoje\u00a0o pagamento da parcela\u00a0de abril\u00a0do Aux\u00edlio G\u00e1s. Recebem as fam\u00edlias inscritas no Cadastro \u00danico para Programas Sociais do Governo Federal (Cad\u00danico), com NIS final 0. O benef\u00edcio segue o calend\u00e1rio regular de pagamentos do Aux\u00edlio Brasil.<\/p>\n<p>Com dura\u00e7\u00e3o prevista de cinco anos, o programa beneficiar\u00e1 5,5 milh\u00f5es de fam\u00edlias at\u00e9 o fim de 2026, com o pagamento de 50% do pre\u00e7o m\u00e9dio do botij\u00e3o de 13 quilos, conforme valor calculado pela Ag\u00eancia Nacional do Petr\u00f3leo (ANP). Neste m\u00eas, o benef\u00edcio corresponde a R$ 53.<\/p>\n<p>Pago a cada dois meses, o Aux\u00edlio G\u00e1s tem or\u00e7amento de R$ 1,9 bilh\u00e3o para este ano. S\u00f3 pode fazer parte do programa quem est\u00e1 inclu\u00eddo no Cad\u00danico e tenha pelo menos um membro da fam\u00edlia que receba o Benef\u00edcio de Presta\u00e7\u00e3o Continuada (BPC).<\/p>\n<p>A lei que criou o programa definiu que a mulher respons\u00e1vel pela fam\u00edlia\u00a0ter\u00e1 prefer\u00eancia, assim como mulheres v\u00edtimas de viol\u00eancia\u00a0dom\u00e9stica.<\/p>\n<h2>Benef\u00edcios b\u00e1sicos<\/h2>\n<p>O Aux\u00edlio Brasil tem tr\u00eas benef\u00edcios b\u00e1sicos e seis suplementares, que podem ser adicionados caso o benefici\u00e1rio consiga emprego ou tenha filho que se destaque em competi\u00e7\u00f5es esportivas, cient\u00edficas ou acad\u00eamicas.<\/p>\n<p>Podem receber o benef\u00edcio as fam\u00edlias com renda\u00a0<em>per capita<\/em>\u00a0at\u00e9 R$ 100, consideradas em situa\u00e7\u00e3o de extrema pobreza, e at\u00e9 R$ 200, em condi\u00e7\u00e3o de pobreza.<\/p>\n<p>A\u00a0<strong>Ag\u00eancia Brasil<\/strong>\u00a0elaborou um\u00a0<a href=\"http:\/\/agenciabrasil.ebc.com.br\/economia\/noticia\/2021-11\/agencia-brasil-explica-como-vai-funcionar-o-auxilio-brasil\" target=\"_blank\" rel=\"noopener\">guia de perguntas e respostas<\/a>\u00a0sobre o Aux\u00edlio Brasil. Entre as d\u00favidas que o benefici\u00e1rio pode tirar est\u00e3o os crit\u00e9rios para integrar o programa social e o detalhamento dos nove tipos diferentes de benef\u00edcios.<\/p>\n<p><em>* O Aux\u00edlio Brasil \u00e9 coordenado pelo Minist\u00e9rio da Cidadania, respons\u00e1vel por gerenciar os benef\u00edcios do programa e pelo envio dos recursos para pagamento da Caixa.<\/p>\n<p><\/em><span style=\"font-weight: 400;\">Fonte: Ag\u00eancia Brasil <\/span><\/p>\n","protected":false},"excerpt":{"rendered":"<p>A Caixa Econ\u00f4mica Federal conclui\u00a0hoje\u00a0(30) o pagamento da parcela\u00a0de junho\u00a0do programa Aux\u00edlio Brasil. Recebem\u00a0nesta\u00a0quinta-feira\u00a0os benefici\u00e1rios com N\u00famero de Inscri\u00e7\u00e3o Social (NIS) de final 0. O valor m\u00ednimo do benef\u00edcio \u00e9 R$ 400. As datas seguem o modelo do Bolsa Fam\u00edlia\u00a0que pagava nos dez \u00faltimos dias \u00fateis do m\u00eas. O benefici\u00e1rio poder\u00e1 consultar informa\u00e7\u00f5es sobre as [&hellip;]<\/p>\n","protected":false},"author":246,"featured_media":200995,"comment_status":"closed","ping_status":"closed","sticky":false,"template":"","format":"standard","meta":{"footnotes":""},"categories":[436,261,439],"tags":[],"class_list":["post-200994","post","type-post","status-publish","format-standard","has-post-thumbnail","hentry","category-destaque-da-semana","category-economia","category-ultima-hora"],"_links":{"self":[{"href":"https:\/\/diarioregionaldigital.com.br\/index.php?rest_route=\/wp\/v2\/posts\/200994","targetHints":{"allow":["GET"]}}],"collection":[{"href":"https:\/\/diarioregionaldigital.com.br\/index.php?rest_route=\/wp\/v2\/posts"}],"about":[{"href":"https:\/\/diarioregionaldigital.com.br\/index.php?rest_route=\/wp\/v2\/types\/post"}],"author":[{"embeddable":true,"href":"https:\/\/diarioregionaldigital.com.br\/index.php?rest_route=\/wp\/v2\/users\/246"}],"replies":[{"embeddable":true,"href":"https:\/\/diarioregionaldigital.com.br\/index.php?rest_route=%2Fwp%2Fv2%2Fcomments&post=200994"}],"version-history":[{"count":1,"href":"https:\/\/diarioregionaldigital.com.br\/index.php?rest_route=\/wp\/v2\/posts\/200994\/revisions"}],"predecessor-version":[{"id":200996,"href":"https:\/\/diarioregionaldigital.com.br\/index.php?rest_route=\/wp\/v2\/posts\/200994\/revisions\/200996"}],"wp:featuredmedia":[{"embeddable":true,"href":"https:\/\/diarioregionaldigital.com.br\/index.php?rest_route=\/wp\/v2\/media\/200995"}],"wp:attachment":[{"href":"https:\/\/diarioregionaldigital.com.br\/index.php?rest_route=%2Fwp%2Fv2%2Fmedia&parent=200994"}],"wp:term":[{"taxonomy":"category","embeddable":true,"href":"https:\/\/diarioregionaldigital.com.br\/index.php?rest_route=%2Fwp%2Fv2%2Fcategories&post=200994"},{"taxonomy":"post_tag","embeddable":true,"href":"https:\/\/diarioregionaldigital.com.br\/index.php?rest_route=%2Fwp%2Fv2%2Ftags&post=200994"}],"curies":[{"name":"wp","href":"https:\/\/api.w.org\/{rel}","templated":true}]}}