{"id":200989,"date":"2022-06-30T13:06:52","date_gmt":"2022-06-30T16:06:52","guid":{"rendered":"https:\/\/diarioregionaldigital.com.br\/?p=200989"},"modified":"2022-06-30T13:06:52","modified_gmt":"2022-06-30T16:06:52","slug":"micro-e-pequenas-empresas-ja-podem-aderir-ao-pronampe","status":"publish","type":"post","link":"https:\/\/diarioregionaldigital.com.br\/?p=200989","title":{"rendered":"Micro e pequenas empresas j\u00e1 podem aderir ao Pronampe"},"content":{"rendered":"<p>A partir desta quinta-feira (30), as micro e pequenas empresas j\u00e1 podem ir ao banco de sua prefer\u00eancia e buscar a linha de cr\u00e9dito do Programa Nacional de Apoio \u00e0s Microempresas e Empresas de Pequeno Porte (Pronampe). A Portaria n\u00ba 191, de 29 de junho de 2022, da Secretaria da Receita Federal, com as regras para a concess\u00e3o do cr\u00e9dito, est\u00e1\u00a0<a href=\"https:\/\/www.in.gov.br\/web\/dou\/-\/portaria-rfb-n-191-de-29-de-junho-de-2022-411385398\" target=\"_blank\" rel=\"noopener\">publicada na edi\u00e7\u00e3o de\u00a0<span id=\"OBJ_PREFIX_DWT182_com_zimbra_date\" role=\"link\">hoje<\/span>\u00a0do Di\u00e1rio Oficial da Uni\u00e3o<\/a>.<img decoding=\"async\" src=\"https:\/\/agenciabrasil.ebc.com.br\/ebc.png?id=1468525&amp;o=node\" \/><img decoding=\"async\" src=\"https:\/\/agenciabrasil.ebc.com.br\/ebc.gif?id=1468525&amp;o=node\" \/><\/p>\n<p>De acordo com a Receita Federal, para obter o empr\u00e9stimo, ser\u00e1 necess\u00e1rio\u00a0que os empres\u00e1rios compartilhem com a institui\u00e7\u00e3o financeira os dados de faturamento de suas empresas. Esse compartilhamento \u00e9 feito digitalmente, acessando o e-CAC, dispon\u00edvel no\u00a0<a href=\"http:\/\/gov.br\/receitafederal\" target=\"_blank\" rel=\"noopener\">site da Receita<\/a>, clicando em autorizar o compartilhamento de dados.<\/p>\n<p>Ao concluir o compartilhamento das informa\u00e7\u00f5es, o empres\u00e1rio estar\u00e1 apto a negociar o empr\u00e9stimo com o banco. Mas, \u201cse no momento do compartilhamento de dados, o banco n\u00e3o estiver listado na rela\u00e7\u00e3o de poss\u00edveis destinat\u00e1rios, o empres\u00e1rio deve entrar em contato com a ag\u00eancia banc\u00e1ria e verificar a previs\u00e3o de ades\u00e3o ao sistema\u201d.<\/p>\n<p>O Pronampe foi criado em maio de 2020 para auxiliar financeiramente os pequenos neg\u00f3cios e, ao mesmo tempo, manter empregos durante a pandemia de covid-19. No ano passado, o Pronampe se tornou uma\u00a0<a href=\"https:\/\/agenciabrasil.ebc.com.br\/politica\/noticia\/2021-06\/bolsonaro-sanciona-lei-que-torna-pronampe-permanente\" target=\"_blank\" rel=\"noopener\">pol\u00edtica p\u00fablica permanente<\/a>\u00a0do governo federal.<\/p>\n<p><span style=\"font-weight: 400;\">Fonte: Ag\u00eancia Brasil <\/span><\/p>\n","protected":false},"excerpt":{"rendered":"<p>A partir desta quinta-feira (30), as micro e pequenas empresas j\u00e1 podem ir ao banco de sua prefer\u00eancia e buscar a linha de cr\u00e9dito do Programa Nacional de Apoio \u00e0s Microempresas e Empresas de Pequeno Porte (Pronampe). A Portaria n\u00ba 191, de 29 de junho de 2022, da Secretaria da Receita Federal, com as regras [&hellip;]<\/p>\n","protected":false},"author":246,"featured_media":200991,"comment_status":"closed","ping_status":"closed","sticky":false,"template":"","format":"standard","meta":{"footnotes":""},"categories":[436,261,439],"tags":[],"class_list":["post-200989","post","type-post","status-publish","format-standard","has-post-thumbnail","hentry","category-destaque-da-semana","category-economia","category-ultima-hora"],"_links":{"self":[{"href":"https:\/\/diarioregionaldigital.com.br\/index.php?rest_route=\/wp\/v2\/posts\/200989","targetHints":{"allow":["GET"]}}],"collection":[{"href":"https:\/\/diarioregionaldigital.com.br\/index.php?rest_route=\/wp\/v2\/posts"}],"about":[{"href":"https:\/\/diarioregionaldigital.com.br\/index.php?rest_route=\/wp\/v2\/types\/post"}],"author":[{"embeddable":true,"href":"https:\/\/diarioregionaldigital.com.br\/index.php?rest_route=\/wp\/v2\/users\/246"}],"replies":[{"embeddable":true,"href":"https:\/\/diarioregionaldigital.com.br\/index.php?rest_route=%2Fwp%2Fv2%2Fcomments&post=200989"}],"version-history":[{"count":2,"href":"https:\/\/diarioregionaldigital.com.br\/index.php?rest_route=\/wp\/v2\/posts\/200989\/revisions"}],"predecessor-version":[{"id":200993,"href":"https:\/\/diarioregionaldigital.com.br\/index.php?rest_route=\/wp\/v2\/posts\/200989\/revisions\/200993"}],"wp:featuredmedia":[{"embeddable":true,"href":"https:\/\/diarioregionaldigital.com.br\/index.php?rest_route=\/wp\/v2\/media\/200991"}],"wp:attachment":[{"href":"https:\/\/diarioregionaldigital.com.br\/index.php?rest_route=%2Fwp%2Fv2%2Fmedia&parent=200989"}],"wp:term":[{"taxonomy":"category","embeddable":true,"href":"https:\/\/diarioregionaldigital.com.br\/index.php?rest_route=%2Fwp%2Fv2%2Fcategories&post=200989"},{"taxonomy":"post_tag","embeddable":true,"href":"https:\/\/diarioregionaldigital.com.br\/index.php?rest_route=%2Fwp%2Fv2%2Ftags&post=200989"}],"curies":[{"name":"wp","href":"https:\/\/api.w.org\/{rel}","templated":true}]}}