{"id":200981,"date":"2022-06-30T13:03:10","date_gmt":"2022-06-30T16:03:10","guid":{"rendered":"https:\/\/diarioregionaldigital.com.br\/?p=200981"},"modified":"2022-06-30T13:03:10","modified_gmt":"2022-06-30T16:03:10","slug":"ibge-desemprego-cai-para-98-rendimento-fica-estavel","status":"publish","type":"post","link":"https:\/\/diarioregionaldigital.com.br\/?p=200981","title":{"rendered":"IBGE: desemprego cai para 9,8%; rendimento fica est\u00e1vel"},"content":{"rendered":"<p>Dados da ocupa\u00e7\u00e3o\u00a0divulgados\u00a0hoje\u00a0(30) pelo Instituto Brasileiro de Geografia e Estat\u00edstica (IBGE) mostram\u00a0recupera\u00e7\u00e3o continuada do mercado de trabalho. A Pesquisa Nacional por Amostra de Domic\u00edlios Cont\u00ednua (Pnad Cont\u00ednua) aponta que a\u00a0taxa de desocupa\u00e7\u00e3o ficou em 9,8% no trimestre m\u00f3vel encerrado em maio.<img decoding=\"async\" src=\"https:\/\/agenciabrasil.ebc.com.br\/ebc.png?id=1468505&amp;o=node\" \/><img decoding=\"async\" src=\"https:\/\/agenciabrasil.ebc.com.br\/ebc.gif?id=1468505&amp;o=node\" \/><\/p>\n<p>O recuo\u00a0foi de 1,4 ponto percentual em rela\u00e7\u00e3o ao trimestre\u00a0de dezembro\u00a0de 2021 a fevereiro de 2022, quando a taxa ficou em 11,2%, e de 4,9 pontos percentual na compara\u00e7\u00e3o com o mesmo per\u00edodo de 2021, quando o desemprego estava em 14,7%. Segundo o IBGE, esta foi a menor taxa de desocupa\u00e7\u00e3o para um trimestre encerrado em maio desde 2015, quando o indicador registrou 8,3%.<\/p>\n<p>Em n\u00fameros, o Brasil tem\u00a0hoje\u00a010,6 milh\u00f5es de pessoas desocupadas. S\u00e3o 1,4 milh\u00e3o de pessoas a menos frente ao trimestre anterior, o que representa um recuo\u00a0de 11,5%. Na compara\u00e7\u00e3o anual, a queda foi de 30,2%, com 4,6 milh\u00f5es de pessoas a menos desocupadas.<\/p>\n<p>O total de pessoas ocupadas atingiu o recorde da s\u00e9rie iniciada em 2012, com 97,5 milh\u00f5es. Uma alta de 2,4%,\u00a0ou mais 2,3 milh\u00f5es de pessoas, na compara\u00e7\u00e3o trimestral, e de 10,6%, ou 9,4 milh\u00f5es de pessoas, na compara\u00e7\u00e3o anual. O n\u00edvel da ocupa\u00e7\u00e3o foi estimado em 56,4%, alta de 1,2 ponto percentual frente ao trimestre anterior e de 4,9 pontos percentuais em rela\u00e7\u00e3o ao mesmo trimestre de 2021.<\/p>\n<h2>Subutiliza\u00e7\u00e3o<\/h2>\n<p>A taxa composta de subutiliza\u00e7\u00e3o caiu 1,7 ponto percentual em rela\u00e7\u00e3o ao trimestre m\u00f3vel encerrado em fevereiro, para 21,8%. Na compara\u00e7\u00e3o com o trimestre encerrado em maio de 2021, a queda foi de 7,4 pontos percentuais. A popula\u00e7\u00e3o subutilizada ficou em 25,4 milh\u00f5es de pessoas, uma queda de 6,8% frente ao trimestre anterior e de 23,8% na compara\u00e7\u00e3o anual.<\/p>\n<p>A subocupa\u00e7\u00e3o por insufici\u00eancia de horas trabalhadas atinge um contingente de 6,6 milh\u00f5es de pessoas, n\u00famero est\u00e1vel ante o trimestre anterior e 11,1% menor do que no mesmo per\u00edodo do ano passado. A popula\u00e7\u00e3o fora da for\u00e7a de trabalho caiu 0,8% na compara\u00e7\u00e3o trimestral, para 64,8 milh\u00f5es de pessoas. Na compara\u00e7\u00e3o anual, a queda foi de 4,7% , o que representa 3,2 milh\u00f5es de pessoas menos nessa situa\u00e7\u00e3o.<\/p>\n<p>A popula\u00e7\u00e3o desalentada est\u00e1 em 4,3 milh\u00f5es de pessoas, uma queda de 8,0% em rela\u00e7\u00e3o ao trimestre anterior, com menos 377 mil pessoas, e de 22,6% na compara\u00e7\u00e3o anual, o que representa 1,3 milh\u00e3o de pessoas. O percentual de desalentados na for\u00e7a de trabalho ficou em 3,9% no trimestre m\u00f3vel encerrado em maio.<\/p>\n<h2>Formalidade<\/h2>\n<p>O n\u00famero de empregados com carteira de trabalho assinada no setor privado subiu 2,8% no trimestre, para 35,6 milh\u00f5es de pessoas. Na compara\u00e7\u00e3o anual, o aumento foi de 12,1%, o que representa um contingente de 3,8 milh\u00f5es de pessoas. Por outro lado, o n\u00famero de empregados sem carteira assinada no setor privado foi o maior da s\u00e9rie, com 12,8 milh\u00f5es de pessoas, um aumento de 4,3% no trimestre e de 23,6% no ano.<\/p>\n<p>Os trabalhadores por conta pr\u00f3pria ficaram est\u00e1veis em 25,7 milh\u00f5es de pessoas no trimestre, mas o contingente subiu 6,4% na compara\u00e7\u00e3o anual, com mais 1,5 milh\u00e3o de pessoas. As trabalhadoras\u00a0dom\u00e9sticas s\u00e3o 5,8 milh\u00f5es, n\u00famero est\u00e1vel em rela\u00e7\u00e3o ao trimestre anterior e 20,8% maior na compara\u00e7\u00e3o anual, com a entrada de 995 mil pessoas nesse setor.<\/p>\n<p>Os empregadores subiram 4,1% frente ao trimestre anterior, chegando a 4,2 milh\u00f5es de pessoas. Na compara\u00e7\u00e3o anual o aumento foi de 16,2%. O setor p\u00fablico emprega 11,6 milh\u00f5es de pessoas, n\u00famero 2,4% maior do que no trimestre anterior e est\u00e1vel na compara\u00e7\u00e3o anual.<\/p>\n<p>Com isso, a taxa de informalidade ficou em 40,1% da popula\u00e7\u00e3o ocupada, contra 40,2% no trimestre anterior e 39,5% no mesmo trimestre de 2021. No trimestre m\u00f3vel encerrado em maio, o Brasil tinha 39,1 milh\u00f5es de trabalhadores informais. A for\u00e7a de trabalho foi estimada em 108,1 milh\u00f5es de pessoas, o maior contingente da s\u00e9rie hist\u00f3rica. A alta foi de 0,8% no trimestre e de 4,6% no ano.<\/p>\n<h2>Atividades<\/h2>\n<p>Segundo o IBGE, apresentaram aumento de contingente ocupado na compara\u00e7\u00e3o trimestral as atividades: ind\u00fastria geral (2,5%, ou mais 312 mil pessoas); constru\u00e7\u00e3o (2,9%, ou mais 210 mil pessoas); com\u00e9rcio, repara\u00e7\u00e3o de ve\u00edculos automotores e motocicletas (1,5%, ou mais 281 mil pessoas); transporte, armazenagem e correio (4,6%, ou mais 224 mil pessoas); alojamento e alimenta\u00e7\u00e3o (3,6%, ou mais 186 mil pessoas); informa\u00e7\u00e3o, comunica\u00e7\u00e3o e atividades financeiras, imobili\u00e1rias, profissionais e administrativas (2,8%, ou mais 311 mil pessoas); administra\u00e7\u00e3o p\u00fablica, defesa, seguridade social, educa\u00e7\u00e3o, sa\u00fade humana e servi\u00e7os sociais (2,8%, ou mais 466 mil pessoas); e outros servi\u00e7os (3,7%, ou mais 182 mil pessoas).<\/p>\n<p>Na compara\u00e7\u00e3o com o trimestre encerrado em maio de 2021, as alta foram em: ind\u00fastria geral (11,0%, ou mais 1,3 milh\u00e3o de pessoas); constru\u00e7\u00e3o (13,2%, ou mais 866 mil pessoas); com\u00e9rcio, repara\u00e7\u00e3o de ve\u00edculos automotores e motocicletas (15,3%, ou mais 2,5 milh\u00f5es de pessoas); transporte, armazenagem e correio (14,0%, ou mais 629 mil pessoas); alojamento e alimenta\u00e7\u00e3o (26,9%, ou mais 1,1 milh\u00e3o de pessoas); informa\u00e7\u00e3o, comunica\u00e7\u00e3o e atividades financeiras, imobili\u00e1rias, profissionais e administrativas (4,0%, ou mais 449 mil pessoas); administra\u00e7\u00e3o p\u00fablica, defesa, seguridade social, educa\u00e7\u00e3o, sa\u00fade humana e servi\u00e7os sociais (3,6%, ou mais 580 mil pessoas); outros servi\u00e7os (20,7%, ou mais 878 mil pessoas); e servi\u00e7os\u00a0dom\u00e9sticos (20,4%, ou mais 990 mil pessoas).<\/p>\n<h2>Rendimento<\/h2>\n<p>Apesar do aumento na ocupa\u00e7\u00e3o, o rendimento real habitual ficou est\u00e1vel frente ao trimestre anterior e teve queda de 7,2% no ano, com o valor de R$ 2.613. A massa de rendimento real habitual chegou a R$ 249,8 bilh\u00f5es, uma alta de 3,2% no trimestre e de 3,0% no ano.<\/p>\n<p>Na compara\u00e7\u00e3o com o trimestre anterior, o rendimento apresentou estabilidade em todos os grupamentos de atividades. Na compara\u00e7\u00e3o anual, houve aumento em transporte, armazenagem e correio (6,1%, ou mais R$ 146). Por outro lado, apresentaram redu\u00e7\u00e3o a ind\u00fastria (6,9%, ou menos R$ 184); informa\u00e7\u00e3o, comunica\u00e7\u00e3o e atividades financeiras, imobili\u00e1rias, profissionais e administrativas (7,1%, ou menos R$ 283); e administra\u00e7\u00e3o p\u00fablica, defesa, seguridade social, educa\u00e7\u00e3o, sa\u00fade humana e servi\u00e7os sociais (13,3%, ou menos R$ 567).<\/p>\n<p><span style=\"font-weight: 400;\">Fonte: Ag\u00eancia Brasil <\/span><\/p>\n","protected":false},"excerpt":{"rendered":"<p>Dados da ocupa\u00e7\u00e3o\u00a0divulgados\u00a0hoje\u00a0(30) pelo Instituto Brasileiro de Geografia e Estat\u00edstica (IBGE) mostram\u00a0recupera\u00e7\u00e3o continuada do mercado de trabalho. A Pesquisa Nacional por Amostra de Domic\u00edlios Cont\u00ednua (Pnad Cont\u00ednua) aponta que a\u00a0taxa de desocupa\u00e7\u00e3o ficou em 9,8% no trimestre m\u00f3vel encerrado em maio. O recuo\u00a0foi de 1,4 ponto percentual em rela\u00e7\u00e3o ao trimestre\u00a0de dezembro\u00a0de 2021 a fevereiro [&hellip;]<\/p>\n","protected":false},"author":246,"featured_media":200982,"comment_status":"closed","ping_status":"closed","sticky":false,"template":"","format":"standard","meta":{"footnotes":""},"categories":[436,440,261,439],"tags":[],"class_list":["post-200981","post","type-post","status-publish","format-standard","has-post-thumbnail","hentry","category-destaque-da-semana","category-destaques-do-dia","category-economia","category-ultima-hora"],"_links":{"self":[{"href":"https:\/\/diarioregionaldigital.com.br\/index.php?rest_route=\/wp\/v2\/posts\/200981","targetHints":{"allow":["GET"]}}],"collection":[{"href":"https:\/\/diarioregionaldigital.com.br\/index.php?rest_route=\/wp\/v2\/posts"}],"about":[{"href":"https:\/\/diarioregionaldigital.com.br\/index.php?rest_route=\/wp\/v2\/types\/post"}],"author":[{"embeddable":true,"href":"https:\/\/diarioregionaldigital.com.br\/index.php?rest_route=\/wp\/v2\/users\/246"}],"replies":[{"embeddable":true,"href":"https:\/\/diarioregionaldigital.com.br\/index.php?rest_route=%2Fwp%2Fv2%2Fcomments&post=200981"}],"version-history":[{"count":2,"href":"https:\/\/diarioregionaldigital.com.br\/index.php?rest_route=\/wp\/v2\/posts\/200981\/revisions"}],"predecessor-version":[{"id":200984,"href":"https:\/\/diarioregionaldigital.com.br\/index.php?rest_route=\/wp\/v2\/posts\/200981\/revisions\/200984"}],"wp:featuredmedia":[{"embeddable":true,"href":"https:\/\/diarioregionaldigital.com.br\/index.php?rest_route=\/wp\/v2\/media\/200982"}],"wp:attachment":[{"href":"https:\/\/diarioregionaldigital.com.br\/index.php?rest_route=%2Fwp%2Fv2%2Fmedia&parent=200981"}],"wp:term":[{"taxonomy":"category","embeddable":true,"href":"https:\/\/diarioregionaldigital.com.br\/index.php?rest_route=%2Fwp%2Fv2%2Fcategories&post=200981"},{"taxonomy":"post_tag","embeddable":true,"href":"https:\/\/diarioregionaldigital.com.br\/index.php?rest_route=%2Fwp%2Fv2%2Ftags&post=200981"}],"curies":[{"name":"wp","href":"https:\/\/api.w.org\/{rel}","templated":true}]}}