{"id":200975,"date":"2022-06-30T00:06:14","date_gmt":"2022-06-30T03:06:14","guid":{"rendered":"https:\/\/diarioregionaldigital.com.br\/?p=200975"},"modified":"2022-06-30T00:06:14","modified_gmt":"2022-06-30T03:06:14","slug":"palavras-comovem-testemunhos-arrastam-30-06-2022","status":"publish","type":"post","link":"https:\/\/diarioregionaldigital.com.br\/?p=200975","title":{"rendered":"Palavras Comovem Testemunhos Arrastam &#8211; 30\/06\/2022"},"content":{"rendered":"<p>Meu caro leitor \u00e9 com alegria que novamente estamos chegando at\u00e9 voc\u00ea para mais uma edi\u00e7\u00e3o de palavras comovem mas testemunhos arrastam. Bem sei de sua expectativa para ler os testemunhos aqui apresentados. Hoje teremos dois belos testemunhos para apresentar a voc\u00eas. Vamos ao primeiro: [23\/6 19:32] Testemunho Para Dia 29 de junho 2022: Hoje quero agradecer as ora\u00e7\u00f5es do padre Erelis e a intersec\u00e7\u00e3o de S\u00e3o Judas Tadeu junto ao Divino Pai\u00a0 por mais uma gra\u00e7a alcan\u00e7ada: a mais ou menos um ano pedi ao padre Erelis que rezasse para que S\u00e3o Judas Tadeu\u00a0 intercedesse junto ao Divino Pai Eterno para eu conseguir aposentar. O padre Erelis rezou e me disse que at\u00e9 no meu anivers\u00e1rio desse ano eu estaria aposentado, pois seria o\u00a0 presente\u00a0 que eu ganharia de Deus no meu anivers\u00e1rio. Ontem chegou minha carta de aposentadoria, fui ao banco e j\u00e1 t\u00e1 tudo certo. Amanh\u00e3 completo 65 anos e Gra\u00e7as a Deus estou aposentado. Obrigado Senhor por todas\u00a0 b\u00ean\u00e7\u00e3os e gra\u00e7as alcan\u00e7adas. Vamos agora ao segundo testemunho:<\/p>\n<p>[10\/6 20:26] devoto de S\u00e3o Judas Tadeu: Boa noite padre Erelis lembra de mim quando te liguei pedindo ora\u00e7\u00f5es pela cirurgia que eu ia ter que fazer. Pois bem foi como o senhor falou ap\u00f3s a ora\u00e7\u00e3o que o senhor rezou pra mim e disse que a cirurgia seria realizada pelas m\u00e3os de Deus nas m\u00e3os dos m\u00e9dicos. Hoje volto para agradecer\u00a0 realmente foi um sucesso minha cirurgia, estou em recupera\u00e7\u00e3o, mas gra\u00e7as a Deus mil vezes melhor. Agrade\u00e7o todas ora\u00e7\u00f5es e b\u00ean\u00e7\u00e3os recebidas. S\u00e3o Judas Tadeu de jesus ap\u00f3stolo amado seja no c\u00e9u nosso advogado! Am\u00e9m!<\/p>\n<p>Vejam como Deus age na vida das pessoas.<\/p>\n<p>Convido voc\u00ea para participar da missa\u00a0 de S\u00e3o Judas Tadeu das causas imposs\u00edveis clamando a miseric\u00f3rdia de Jesus por sa\u00fade e liberta\u00e7\u00e3o toda \u00faltima\u00a0 quarta feira \u00e0s 19h na Rua D.Pedro ll n\u00famero 109\u00a0 bairro Mariano Proc\u00f3pio e do ter\u00e7o todos os dias\u00a0 \u00e0s 12; 15h; \u00e0s\u00a0 20e30h; \u00e0s 22h pelo Youtube e Facebook do santu\u00e1rio virtual S\u00e3o Judas Tadeu. svsaojudastadeu.com; \u00e0s 06h ; \u00e0s 10 e 23h pelo WhatsApp; Deixo o n\u00famero do meu celular para me ligarem quando precisar de uma ora\u00e7\u00e3o 988652609 se eu n\u00e3o atender na hora eu retornarei assim que eu ver a liga\u00e7\u00e3o.<\/p>\n","protected":false},"excerpt":{"rendered":"<p>Meu caro leitor \u00e9 com alegria que novamente estamos chegando at\u00e9 voc\u00ea para mais uma edi\u00e7\u00e3o de palavras comovem mas testemunhos arrastam. Bem sei de sua expectativa para ler os testemunhos aqui apresentados. Hoje teremos dois belos testemunhos para apresentar a voc\u00eas. Vamos ao primeiro: [23\/6 19:32] Testemunho Para Dia 29 de junho 2022: Hoje [&hellip;]<\/p>\n","protected":false},"author":96,"featured_media":0,"comment_status":"closed","ping_status":"closed","sticky":false,"template":"","format":"standard","meta":{"footnotes":""},"categories":[1245],"tags":[],"class_list":["post-200975","post","type-post","status-publish","format-standard","hentry","category-padre-erelis"],"_links":{"self":[{"href":"https:\/\/diarioregionaldigital.com.br\/index.php?rest_route=\/wp\/v2\/posts\/200975","targetHints":{"allow":["GET"]}}],"collection":[{"href":"https:\/\/diarioregionaldigital.com.br\/index.php?rest_route=\/wp\/v2\/posts"}],"about":[{"href":"https:\/\/diarioregionaldigital.com.br\/index.php?rest_route=\/wp\/v2\/types\/post"}],"author":[{"embeddable":true,"href":"https:\/\/diarioregionaldigital.com.br\/index.php?rest_route=\/wp\/v2\/users\/96"}],"replies":[{"embeddable":true,"href":"https:\/\/diarioregionaldigital.com.br\/index.php?rest_route=%2Fwp%2Fv2%2Fcomments&post=200975"}],"version-history":[{"count":1,"href":"https:\/\/diarioregionaldigital.com.br\/index.php?rest_route=\/wp\/v2\/posts\/200975\/revisions"}],"predecessor-version":[{"id":200976,"href":"https:\/\/diarioregionaldigital.com.br\/index.php?rest_route=\/wp\/v2\/posts\/200975\/revisions\/200976"}],"wp:attachment":[{"href":"https:\/\/diarioregionaldigital.com.br\/index.php?rest_route=%2Fwp%2Fv2%2Fmedia&parent=200975"}],"wp:term":[{"taxonomy":"category","embeddable":true,"href":"https:\/\/diarioregionaldigital.com.br\/index.php?rest_route=%2Fwp%2Fv2%2Fcategories&post=200975"},{"taxonomy":"post_tag","embeddable":true,"href":"https:\/\/diarioregionaldigital.com.br\/index.php?rest_route=%2Fwp%2Fv2%2Ftags&post=200975"}],"curies":[{"name":"wp","href":"https:\/\/api.w.org\/{rel}","templated":true}]}}