{"id":200973,"date":"2022-06-30T00:04:47","date_gmt":"2022-06-30T03:04:47","guid":{"rendered":"https:\/\/diarioregionaldigital.com.br\/?p=200973"},"modified":"2022-07-05T16:31:54","modified_gmt":"2022-07-05T19:31:54","slug":"fundacao-educacional-machado-sobrinho-convocacao-30-06-2022","status":"publish","type":"post","link":"https:\/\/diarioregionaldigital.com.br\/?p=200973","title":{"rendered":"Funda\u00e7\u00e3o Educacional Machado Sobrinho &#8211; Convoca\u00e7\u00e3o &#8211; 30\/06\/2022"},"content":{"rendered":"<h5 style=\"text-align: center;\">FUNDA\u00c7\u00c3O EDUCACIONAL MACHADO SOBRINHO<\/h5>\n<h5 style=\"text-align: center;\">REUNI\u00c3O ORDIN\u00c1RIA DA ASSEMBLEIA GERAL<\/h5>\n<h5 style=\"text-align: center;\">CONVOCA\u00c7\u00c3O<\/h5>\n<p style=\"text-align: left;\">Na qualidade de Presidente da Funda\u00e7\u00e3o Educacional Machado Sobrinho, convoco os Senhores Membros da Assembleia Geral, na forma estatut\u00e1ria, para a reuni\u00e3o ordin\u00e1ria no <strong>dia 05 de Julho de 2022, <\/strong>em primeira convoca\u00e7\u00e3o, as<strong> 18:00 horas <\/strong>e, em segunda convoca\u00e7\u00e3o, as<strong> 18:30 horas<\/strong>, de forma virtual pelo Hangouts Meet, em raz\u00e3o do isolamento social recomendado, tendo em vista a pandemia do COVID 19, para deliberarem sobre a seguinte pauta:<\/p>\n<p style=\"text-align: left;\"><strong>PAUTA DA REUNI\u00c3O:<\/strong><\/p>\n<ul style=\"text-align: center;\">\n<li style=\"text-align: left;\">Conhecimento e delibera\u00e7\u00e3o sobre a Presta\u00e7\u00e3o de Contas do exerc\u00edcio de 2021, constitu\u00edda do Relat\u00f3rio do Diretor Executivo, dos Balan\u00e7os e demais pe\u00e7as cont\u00e1beis, do Parecer do Conselho Curador;<\/li>\n<li style=\"text-align: left;\">Conhecimento e delibera\u00e7\u00e3o sobre a situa\u00e7\u00e3o da FEMS em 2022;<\/li>\n<li style=\"text-align: left;\">Nova elei\u00e7\u00e3o quinqu\u00eanio 2022- 2027, devido a ren\u00fancia dos membros do conselho diretor;<\/li>\n<li style=\"text-align: left;\">Demais assuntos de interesse da Institui\u00e7\u00e3o.<\/li>\n<\/ul>\n<p style=\"text-align: center;\">Juiz de Fora, 29 de junho de 2022.<\/p>\n<p style=\"text-align: center;\"><strong>Heitor Jose Pereira<\/strong><\/p>\n<p style=\"text-align: center;\"><strong>Conselho curador<\/strong><\/p>\n","protected":false},"excerpt":{"rendered":"<p>FUNDA\u00c7\u00c3O EDUCACIONAL MACHADO SOBRINHO REUNI\u00c3O ORDIN\u00c1RIA DA ASSEMBLEIA GERAL CONVOCA\u00c7\u00c3O Na qualidade de Presidente da Funda\u00e7\u00e3o Educacional Machado Sobrinho, convoco os Senhores Membros da Assembleia Geral, na forma estatut\u00e1ria, para a reuni\u00e3o ordin\u00e1ria no dia 05 de Julho de 2022, em primeira convoca\u00e7\u00e3o, as 18:00 horas e, em segunda convoca\u00e7\u00e3o, as 18:30 horas, de forma [&hellip;]<\/p>\n","protected":false},"author":96,"featured_media":0,"comment_status":"closed","ping_status":"closed","sticky":false,"template":"","format":"standard","meta":{"footnotes":""},"categories":[307],"tags":[],"class_list":["post-200973","post","type-post","status-publish","format-standard","hentry","category-editais"],"_links":{"self":[{"href":"https:\/\/diarioregionaldigital.com.br\/index.php?rest_route=\/wp\/v2\/posts\/200973","targetHints":{"allow":["GET"]}}],"collection":[{"href":"https:\/\/diarioregionaldigital.com.br\/index.php?rest_route=\/wp\/v2\/posts"}],"about":[{"href":"https:\/\/diarioregionaldigital.com.br\/index.php?rest_route=\/wp\/v2\/types\/post"}],"author":[{"embeddable":true,"href":"https:\/\/diarioregionaldigital.com.br\/index.php?rest_route=\/wp\/v2\/users\/96"}],"replies":[{"embeddable":true,"href":"https:\/\/diarioregionaldigital.com.br\/index.php?rest_route=%2Fwp%2Fv2%2Fcomments&post=200973"}],"version-history":[{"count":4,"href":"https:\/\/diarioregionaldigital.com.br\/index.php?rest_route=\/wp\/v2\/posts\/200973\/revisions"}],"predecessor-version":[{"id":201162,"href":"https:\/\/diarioregionaldigital.com.br\/index.php?rest_route=\/wp\/v2\/posts\/200973\/revisions\/201162"}],"wp:attachment":[{"href":"https:\/\/diarioregionaldigital.com.br\/index.php?rest_route=%2Fwp%2Fv2%2Fmedia&parent=200973"}],"wp:term":[{"taxonomy":"category","embeddable":true,"href":"https:\/\/diarioregionaldigital.com.br\/index.php?rest_route=%2Fwp%2Fv2%2Fcategories&post=200973"},{"taxonomy":"post_tag","embeddable":true,"href":"https:\/\/diarioregionaldigital.com.br\/index.php?rest_route=%2Fwp%2Fv2%2Ftags&post=200973"}],"curies":[{"name":"wp","href":"https:\/\/api.w.org\/{rel}","templated":true}]}}