{"id":200970,"date":"2022-06-29T19:54:39","date_gmt":"2022-06-29T22:54:39","guid":{"rendered":"https:\/\/diarioregionaldigital.com.br\/?p=200970"},"modified":"2022-06-29T19:54:39","modified_gmt":"2022-06-29T22:54:39","slug":"pjf-monta-esquema-de-transporte-para-o-torneio-leiteiro-de-pires","status":"publish","type":"post","link":"https:\/\/diarioregionaldigital.com.br\/?p=200970","title":{"rendered":"PJF monta esquema de transporte para o Torneio Leiteiro de Pires"},"content":{"rendered":"<p>Segundo informa\u00e7\u00f5es do site da Prefeitura de Juiz de Fora (PJF), na quinta-feira, 30, a Prefeitura de Juiz de Fora (PJF)\u00a0 disponibiliza hor\u00e1rios da linha 523 de transporte coletivo, ida e volta, para atender as demandas de p\u00fablico do torneio Leiteiro. O evento tem entrada gratuita e acontece no espa\u00e7o p\u00fablico pr\u00f3ximo a Associa\u00e7\u00e3o dos Produtores Rurais de Pires, prosseguindo at\u00e9 domingo, 3.<br \/>\nNo primeiro dia de evento, quinta-feira, 30, o TCU sa\u00edra de Monte Verde \u00e0 00h, passando por Pires nos hor\u00e1rios de 00h30, seguindo para Grot\u00e3o e Zilico, e retornando para Pires; e 1h30, que retornar\u00e1 \u00e0 Monte Verde.<br \/>\nJ\u00e1 na sexta-feira, 1, o p\u00fablico contar\u00e1 com os hor\u00e1rios de 00h30, 02h00 e 02h40. Todos ter\u00e3o sa\u00edda de Pires e o \u00faltimo hor\u00e1rio retornar\u00e1 para Monte Verde.<br \/>\nNo S\u00e1bado, 2, os hor\u00e1rios ser\u00e3o mais variados, no in\u00edcio da festa o TCU ser\u00e1 disponibilizado \u00e0s 20h30, com sa\u00edda de Monte Verde, e \u00e0s 21h30 com sa\u00edda de Pires. No fim de festa, os hor\u00e1rios ser\u00e3o \u00e0s 03h20, 04h00 e 04h30, todos com sa\u00edda de Pires.<br \/>\nDomingo, 3, \u00faltimo dia do evento, os hor\u00e1rios dispon\u00edveis ser\u00e3o \u00e0s 20h15 e 21h00, todos com sa\u00edda de Pires e o \u00faltimo hor\u00e1rio com retorno para Monte Verde<\/p>\n","protected":false},"excerpt":{"rendered":"<p>Segundo informa\u00e7\u00f5es do site da Prefeitura de Juiz de Fora (PJF), na quinta-feira, 30, a Prefeitura de Juiz de Fora (PJF)\u00a0 disponibiliza hor\u00e1rios da linha 523 de transporte coletivo, ida e volta, para atender as demandas de p\u00fablico do torneio Leiteiro. O evento tem entrada gratuita e acontece no espa\u00e7o p\u00fablico pr\u00f3ximo a Associa\u00e7\u00e3o dos [&hellip;]<\/p>\n","protected":false},"author":246,"featured_media":200971,"comment_status":"closed","ping_status":"closed","sticky":false,"template":"","format":"standard","meta":{"footnotes":""},"categories":[253,436,439],"tags":[],"class_list":["post-200970","post","type-post","status-publish","format-standard","has-post-thumbnail","hentry","category-cidade","category-destaque-da-semana","category-ultima-hora"],"_links":{"self":[{"href":"https:\/\/diarioregionaldigital.com.br\/index.php?rest_route=\/wp\/v2\/posts\/200970","targetHints":{"allow":["GET"]}}],"collection":[{"href":"https:\/\/diarioregionaldigital.com.br\/index.php?rest_route=\/wp\/v2\/posts"}],"about":[{"href":"https:\/\/diarioregionaldigital.com.br\/index.php?rest_route=\/wp\/v2\/types\/post"}],"author":[{"embeddable":true,"href":"https:\/\/diarioregionaldigital.com.br\/index.php?rest_route=\/wp\/v2\/users\/246"}],"replies":[{"embeddable":true,"href":"https:\/\/diarioregionaldigital.com.br\/index.php?rest_route=%2Fwp%2Fv2%2Fcomments&post=200970"}],"version-history":[{"count":1,"href":"https:\/\/diarioregionaldigital.com.br\/index.php?rest_route=\/wp\/v2\/posts\/200970\/revisions"}],"predecessor-version":[{"id":200972,"href":"https:\/\/diarioregionaldigital.com.br\/index.php?rest_route=\/wp\/v2\/posts\/200970\/revisions\/200972"}],"wp:featuredmedia":[{"embeddable":true,"href":"https:\/\/diarioregionaldigital.com.br\/index.php?rest_route=\/wp\/v2\/media\/200971"}],"wp:attachment":[{"href":"https:\/\/diarioregionaldigital.com.br\/index.php?rest_route=%2Fwp%2Fv2%2Fmedia&parent=200970"}],"wp:term":[{"taxonomy":"category","embeddable":true,"href":"https:\/\/diarioregionaldigital.com.br\/index.php?rest_route=%2Fwp%2Fv2%2Fcategories&post=200970"},{"taxonomy":"post_tag","embeddable":true,"href":"https:\/\/diarioregionaldigital.com.br\/index.php?rest_route=%2Fwp%2Fv2%2Ftags&post=200970"}],"curies":[{"name":"wp","href":"https:\/\/api.w.org\/{rel}","templated":true}]}}