{"id":200967,"date":"2022-06-29T19:51:35","date_gmt":"2022-06-29T22:51:35","guid":{"rendered":"https:\/\/diarioregionaldigital.com.br\/?p=200967"},"modified":"2022-06-29T19:51:35","modified_gmt":"2022-06-29T22:51:35","slug":"programa-boniteza-realiza-139-intervencoes-nesta-quarta-29","status":"publish","type":"post","link":"https:\/\/diarioregionaldigital.com.br\/?p=200967","title":{"rendered":"Programa Boniteza realiza 139 interven\u00e7\u00f5es nesta quarta, 29"},"content":{"rendered":"<p>Segundo informa\u00e7\u00f5es do site da Prefeitura de Juiz de Fora (PJF), o\u00a0Programa Boniteza da Prefeitura de Juiz de Fora (PJF) opera em\u00a0 interven\u00e7\u00f5es nesta quarta-feira, 29.<br \/>\n<strong>Obras<\/strong><br \/>\nOs Departamentos de Opera\u00e7\u00e3o e Manuten\u00e7\u00e3o em Obras (Domo) e de Estradas Vicinais da Secretaria de Obras t\u00eam previstas 14 a\u00e7\u00f5es.<br \/>\nInterven\u00e7\u00f5es em continuidade:<br \/>\n&#8211; Servi\u00e7os complementares &#8211; Rua da mina &#8211; Santa Rita<\/p>\n<p>&#8211; Meio fio fundido in loco &#8211; Estrada do Caet\u00e9 &#8211; Caet\u00e9<\/p>\n<p>&#8211; Coloca\u00e7\u00e3o de grades de concreto &#8211; Avenida Get\u00falio Vargas<\/p>\n<p>&#8211; Transporte de terra para horta comunit\u00e1ria &#8211; Rua J\u00falio Dion\u00edsio Cardoso &#8211; J\u00f3quei II<\/p>\n<p>&#8211; Constru\u00e7\u00e3o de dreno no escad\u00e3o ao lado da ubs Santa Cec\u00edlia &#8211; Rua Gabriel Rodrigues &#8211; Santa Cec\u00edlia<\/p>\n<p>&#8211; Patrolamento e retirada de entulho &#8211; Estrada da Vargem Grande<\/p>\n<p>&#8211; Patrolamento &#8211; Estrada do 29 &#8211; Torre\u00f5es<br \/>\nNovas interven\u00e7\u00f5es:<br \/>\n&#8211; Patrolamento &#8211; Distrito Industrial<\/p>\n<p>&#8211; Substitui\u00e7\u00e3o de tamp\u00e3o de concreto &#8211; Rua Geraldo Magela San\u00e1bio &#8211; Recanto da Mata<\/p>\n<p>&#8211; Transporte de esc\u00f3ria para estrada da Vargem Grande<\/p>\n<p>&#8211; Transporte de serragem da serraria Bias Fortes para o torneio leiteiro &#8211; Pires<\/p>\n<p>&#8211; Patrolamento &#8211; Estrada nova Pedra da on\u00e7a &#8211; Pires<\/p>\n<p>&#8211; Ro\u00e7ada &#8211; Estrada de torre\u00f5es<\/p>\n<p>&#8211; Corre\u00e7\u00e3o de taludes &#8211; estrada dos papas a boa vista<br \/>\n<strong>Ilumina\u00e7\u00e3o P\u00fablica<\/strong><br \/>\nO departamento de Ilumina\u00e7\u00e3o P\u00fablica da PJF d\u00e1 continuidade \u00e0s a\u00e7\u00f5es com a previs\u00e3o de trocas de 125 l\u00e2mpadas em todas as regi\u00f5es.<br \/>\n<strong>F\u00e1brica<\/strong><br \/>\nRua Coronel Tancredo<\/p>\n<p>Rua Coronel Vidal<br \/>\n<strong>Alto Dos Passos<\/strong><br \/>\nRua Moraes E Castro<\/p>\n<p>Rua Cabo Frio<\/p>\n<p>Rua Bernardo Mascarenhas<br \/>\n<strong>Bom Pastor<\/strong><br \/>\nPraca Dr. Jo\u00e3o Tostes<\/p>\n<p>Avenida Doutor Jos\u00e9 Proc\u00f3pio Teixeira<\/p>\n<p>Rua Sales Duarte<br \/>\n<strong>Santa Cec\u00edlia<\/strong><br \/>\nRua Luciano Monteiro<br \/>\n<strong>Centro<\/strong><br \/>\nAvenida Bar\u00e3o Do Rio Branco<\/p>\n<p>Rua Oswaldo Cruz<br \/>\n<strong>Mariano Proc\u00f3pio<\/strong><br \/>\nRua Mariano Proc\u00f3pio<\/p>\n<p>Rua Henrique Burnier<br \/>\n<strong>Mundo Novo<\/strong><br \/>\nRua Onofre Mendes<br \/>\n<strong>S\u00e3o Mateus<\/strong><br \/>\nRua Monsenhor Gustavo Freire<br \/>\n<strong>Poco Rico<\/strong><br \/>\nRua Santos Dumont<\/p>\n<p>Rua Amazonas<\/p>\n<p>Rua Viscondessa Di Cavalcanti<br \/>\n<strong>Santa Helena<\/strong><br \/>\nRua Doutor Constantino Palleta<br \/>\n<strong>Linhares<\/strong><br \/>\nRua Celina Bracher<\/p>\n<p>Estrada Geraldinho Monteiro Da Silva<br \/>\n<strong>Vila Alpina<\/strong><br \/>\nRua Doutor Eurico Viana<\/p>\n<p>Rua K<\/p>\n<p>Rua Ludgero Nogueira<\/p>\n<p>Rua Camilo Marques De Souza<br \/>\n<strong>Bom Jardim<\/strong><br \/>\nRua Ad\u00e9lia Ferreira Rocha<\/p>\n<p>Rua Luis Favero<br \/>\n<strong>Bairu<\/strong><br \/>\nRua Professor Francisco Faria<br \/>\n<strong>Bom Sucesso<\/strong><br \/>\nRua Luis Marchini<br \/>\n<strong>Parque Das Torres<\/strong><br \/>\nEstrada Da Remmonta<\/p>\n<p>Rua Itatiaia<br \/>\n<strong>Monte Castelo<\/strong><br \/>\nRua Itatiaia<\/p>\n<p>Rua Amamba\u00ed<\/p>\n<p>Rua Geraldo Gomes Ribeiro<\/p>\n<p>Rua Nazira Mattar De Freitas<br \/>\n<strong>Nova Era<\/strong><br \/>\nRua Wilson Mostaro J\u00fanior<\/p>\n<p>Rua Raimundo Correia<\/p>\n<p>Rua Altivo Milit\u00e3o<\/p>\n<p>Rua Comandante Geraldo Berg<br \/>\n<strong>Jardim L Ermitage<\/strong><br \/>\nRua Ant\u00f4nio Alves Affonso<br \/>\n<strong>Santa Cruz<\/strong><br \/>\nRua Luiz Tomaz<\/p>\n<p>Rua Maria Da Conceicao Marinho<\/p>\n<p>Rua Maria Lanziotti Barra<br \/>\n<strong>Cachoeira<\/strong><br \/>\nRua Jose Dos Anjos<br \/>\n<strong>Pomar Da Serra<\/strong><br \/>\nRodovia Br 040 Km 786<br \/>\n<strong>Recanto Da Mata<\/strong><br \/>\nRua Engenheiro Geraldo Magela De Mattos Sanabio<br \/>\n<strong>Recanto Dos Bruggers<\/strong><br \/>\nAlameda Jos\u00e9 Bruguer<\/p>\n<p>Rua Alameda Dos Bruggers<br \/>\n<strong>Realeza<\/strong><br \/>\nRua Nei Jacinto Pereira<br \/>\n<strong>S\u00e3o Francisco De Paula<\/strong><br \/>\nRua Sebastiao De Oliveira<br \/>\n<strong>J\u00f3quei Clube II<\/strong><br \/>\nRua Sebastiana Rosa Freitas<\/p>\n<p>Rua Padre Edmundo Lechnhak (Pra\u00e7a)<br \/>\n<strong>Cer\u00e2mica<\/strong><br \/>\nAvenida Olavo Bilac<br \/>\n<strong>Barbosa Lage<\/strong><br \/>\nRua Amado Rodrigues De Oliveira<\/p>\n<p>Rua Antonio Da Silva<br \/>\n<strong>Jardim Dos Alfineiros<\/strong><br \/>\nRua Francisco Jorge De Oliveira<br \/>\n<strong>Santa Isabel<\/strong><br \/>\nRua Jornalista Newton Dantas<br \/>\n<strong>Benfica<\/strong><br \/>\nRua Jo\u00e3o Ribeiro Novaes<br \/>\n<strong>S\u00e3o Pedro<\/strong><br \/>\nRua Frederic Chopin<\/p>\n<p>Rua Jo\u00e3o Krolman Sobrinho<\/p>\n<p>Rua Jos\u00e9 Rezende Bastos<\/p>\n<p>Avenida Pedro Henrique Krambeck<br \/>\n<strong>Santos Dumont<\/strong><br \/>\nRua Fernando Lemos<br \/>\n<strong>Itatiaia<\/strong><br \/>\nRua Hon\u00f3rio Ant\u00f4nio Da Silva<br \/>\n<strong>Neo Residencial<\/strong><br \/>\nAlameda 9<br \/>\n<strong>Borboleta<\/strong><br \/>\nRua Madre Adelina<br \/>\n<strong>Aeroporto<\/strong><br \/>\nRua Liduino Vieira Dos Reis<\/p>\n<p>Rua Jos\u00e9 Barbosa De Albuquerque<\/p>\n<p>Rua Francisco Baptista De Oliveira<br \/>\n<strong>Novo Horizonte<\/strong><br \/>\nRua Ot\u00edlia De Souza Leal<\/p>\n<p>Rua Tenente Paulo Maria Delage<br \/>\n<strong>Parque Guadalajara<\/strong><br \/>\nRua Doutor Guadalupe Baeta Neves<br \/>\n<strong>Vila Olavo Costa<\/strong><br \/>\nRua Jacinto Marcelino<br \/>\n<strong>Vila Ideal<\/strong><br \/>\nRua Major Luiz De Barros<br \/>\n<strong>Santo Ant\u00f4nio<\/strong><br \/>\nRua Francisco Fontainha<br \/>\n<strong>Nossa Senhora De Lourdes<\/strong><br \/>\nRua In\u00e1cio Gama<\/p>\n<p>Rua Nossa Senhora De Lourdes<\/p>\n<p>Rua Lemos Monteiro<br \/>\n<strong>Vila Ozanan<\/strong><br \/>\nTravessa Carneiro Da Silva<br \/>\n<strong>Bela Aurora<\/strong><br \/>\nRua Teresa Vaz De Melo<\/p>\n<p>Rua Jos\u00e9 Cl\u00e1udio De Souza<br \/>\n<strong>Santa Luzia<\/strong><br \/>\nRua Professor Francisco Sobral<\/p>\n<p>Avenida Luz Interior<\/p>\n<p>Rua Francisco Altomar<br \/>\n<strong>Cascatinha<\/strong><br \/>\nRua Petrus Zaka<\/p>\n<p>Avenida Doutor Paulo Japiassu Coelho<br \/>\n<strong>Graminha<\/strong><br \/>\nRua Eug\u00eanio De Souza Lima<br \/>\n<strong>Arco \u00cdris<\/strong><br \/>\nRua Hil\u00e1rio Dias Da Cruz<br \/>\n<strong>Gabinete de A\u00e7\u00e3o e Di\u00e1logo Comunit\u00e1rio<\/strong><br \/>\nAs a\u00e7\u00f5es da Secretaria de Obras s\u00e3o realizadas atrav\u00e9s do Gabinete de A\u00e7\u00e3o e Di\u00e1logo Comunit\u00e1rio, que recebe demandas de melhorias urbanas pelo n\u00famero (32) 3690-7241, por liga\u00e7\u00e3o ou WhatsApp.<br \/>\nNo\u00a0<a href=\"https:\/\/www.pjf.mg.gov.br\/gabinetecomunitario\/\"><strong>site do gabinete<\/strong><\/a>, est\u00e3o dispon\u00edveis informa\u00e7\u00f5es atualizadas\u00a0 diariamente sobre os servi\u00e7os realizados pelas secretarias de Obras (SO); de Sustentabilidade em Meio Ambiente e Atividades Urbanas (Sesmaur); de Mobilidade Urbana (SMU); e pela\u00a0 Empresa Municipal de Pavimenta\u00e7\u00e3o e Urbaniza\u00e7\u00e3o (Empav); Departamento Municipal de Limpeza Urbana (Demlurb); e Companhia de Saneamento Municipal (Cesama).<\/p>\n","protected":false},"excerpt":{"rendered":"<p>Segundo informa\u00e7\u00f5es do site da Prefeitura de Juiz de Fora (PJF), o\u00a0Programa Boniteza da Prefeitura de Juiz de Fora (PJF) opera em\u00a0 interven\u00e7\u00f5es nesta quarta-feira, 29. Obras Os Departamentos de Opera\u00e7\u00e3o e Manuten\u00e7\u00e3o em Obras (Domo) e de Estradas Vicinais da Secretaria de Obras t\u00eam previstas 14 a\u00e7\u00f5es. Interven\u00e7\u00f5es em continuidade: &#8211; Servi\u00e7os complementares &#8211; [&hellip;]<\/p>\n","protected":false},"author":246,"featured_media":200968,"comment_status":"closed","ping_status":"closed","sticky":false,"template":"","format":"standard","meta":{"footnotes":""},"categories":[253,436,439],"tags":[],"class_list":["post-200967","post","type-post","status-publish","format-standard","has-post-thumbnail","hentry","category-cidade","category-destaque-da-semana","category-ultima-hora"],"_links":{"self":[{"href":"https:\/\/diarioregionaldigital.com.br\/index.php?rest_route=\/wp\/v2\/posts\/200967","targetHints":{"allow":["GET"]}}],"collection":[{"href":"https:\/\/diarioregionaldigital.com.br\/index.php?rest_route=\/wp\/v2\/posts"}],"about":[{"href":"https:\/\/diarioregionaldigital.com.br\/index.php?rest_route=\/wp\/v2\/types\/post"}],"author":[{"embeddable":true,"href":"https:\/\/diarioregionaldigital.com.br\/index.php?rest_route=\/wp\/v2\/users\/246"}],"replies":[{"embeddable":true,"href":"https:\/\/diarioregionaldigital.com.br\/index.php?rest_route=%2Fwp%2Fv2%2Fcomments&post=200967"}],"version-history":[{"count":1,"href":"https:\/\/diarioregionaldigital.com.br\/index.php?rest_route=\/wp\/v2\/posts\/200967\/revisions"}],"predecessor-version":[{"id":200969,"href":"https:\/\/diarioregionaldigital.com.br\/index.php?rest_route=\/wp\/v2\/posts\/200967\/revisions\/200969"}],"wp:featuredmedia":[{"embeddable":true,"href":"https:\/\/diarioregionaldigital.com.br\/index.php?rest_route=\/wp\/v2\/media\/200968"}],"wp:attachment":[{"href":"https:\/\/diarioregionaldigital.com.br\/index.php?rest_route=%2Fwp%2Fv2%2Fmedia&parent=200967"}],"wp:term":[{"taxonomy":"category","embeddable":true,"href":"https:\/\/diarioregionaldigital.com.br\/index.php?rest_route=%2Fwp%2Fv2%2Fcategories&post=200967"},{"taxonomy":"post_tag","embeddable":true,"href":"https:\/\/diarioregionaldigital.com.br\/index.php?rest_route=%2Fwp%2Fv2%2Ftags&post=200967"}],"curies":[{"name":"wp","href":"https:\/\/api.w.org\/{rel}","templated":true}]}}