{"id":200964,"date":"2022-06-29T19:49:11","date_gmt":"2022-06-29T22:49:11","guid":{"rendered":"https:\/\/diarioregionaldigital.com.br\/?p=200964"},"modified":"2022-06-29T19:49:11","modified_gmt":"2022-06-29T22:49:11","slug":"operacao-tapa-buracos-da-pjf-atende-filgueiras-e-outros-dez-bairros","status":"publish","type":"post","link":"https:\/\/diarioregionaldigital.com.br\/?p=200964","title":{"rendered":"Opera\u00e7\u00e3o tapa-buracos da PJF atende Filgueiras e outros dez bairros"},"content":{"rendered":"<p>Segundo informa\u00e7\u00f5es do site da Prefeitura de Juiz de Fora (PJF), as melhorias do Programa Boniteza seguem se espalhando pela cidade. Nesta ter\u00e7a-feira, 28, 11 bairros foram atendidos pela opera\u00e7\u00e3o tapa-buracos da Prefeitura de Juiz de Fora (PJF). Destaque para o bairro Filgueiras, que teve as ruas Manoel Teixeira Salgado, Diomar Monteiro e Orlando Riani atendidas pelas equipes da Empresa Municipal de Pavimenta\u00e7\u00e3o e Urbanidades (Empav).<br \/>\nDurante a opera\u00e7\u00e3o desta ter\u00e7a foram realizadas 228 recomposi\u00e7\u00f5es com o total de quase 80 toneladas de massa asf\u00e1ltica aplicadas (CBUQ). Al\u00e9m do Filgueiras, a Empav atuou, ainda, nos bairros Marumbi, Progresso, Bonfim, Jardim Lermitage, Carlos Chagas, Jardim de Al\u00e1, Santa Luzia, Vila Olavo Costa, Santa C\u00e2ndida e Borboleta.<br \/>\nLembrando que a programa\u00e7\u00e3o completa das atividades realizadas pela Empav pode ser acompanhada diariamente atrav\u00e9s da p\u00e1gina do Gabinete de A\u00e7\u00e3o e Di\u00e1logo Comunit\u00e1rio, pelo<a href=\"https:\/\/www.pjf.mg.gov.br\/gabinetecomunitario\/#onde\">\u00a0link<\/a>.<br \/>\nTodas as a\u00e7\u00f5es de reestrutura\u00e7\u00e3o, urbaniza\u00e7\u00e3o e zeladoria realizadas pela Empav fazem parte do Programa Boniteza. Estes e outros servi\u00e7os podem ser solicitados atrav\u00e9s do Gabinete de A\u00e7\u00e3o e Di\u00e1logo Comunit\u00e1rio, que recebe e organiza pedidos relativos a interven\u00e7\u00f5es e melhorias urbanas. O contato pode ser feito por liga\u00e7\u00e3o telef\u00f4nica, pelo n\u00famero (32) 3690-7241 ou, ainda, via WhatsApp, utilizando o mesmo n\u00famero.<\/p>\n","protected":false},"excerpt":{"rendered":"<p>Segundo informa\u00e7\u00f5es do site da Prefeitura de Juiz de Fora (PJF), as melhorias do Programa Boniteza seguem se espalhando pela cidade. Nesta ter\u00e7a-feira, 28, 11 bairros foram atendidos pela opera\u00e7\u00e3o tapa-buracos da Prefeitura de Juiz de Fora (PJF). Destaque para o bairro Filgueiras, que teve as ruas Manoel Teixeira Salgado, Diomar Monteiro e Orlando Riani [&hellip;]<\/p>\n","protected":false},"author":246,"featured_media":200965,"comment_status":"closed","ping_status":"closed","sticky":false,"template":"","format":"standard","meta":{"footnotes":""},"categories":[253,436,439],"tags":[],"class_list":["post-200964","post","type-post","status-publish","format-standard","has-post-thumbnail","hentry","category-cidade","category-destaque-da-semana","category-ultima-hora"],"_links":{"self":[{"href":"https:\/\/diarioregionaldigital.com.br\/index.php?rest_route=\/wp\/v2\/posts\/200964","targetHints":{"allow":["GET"]}}],"collection":[{"href":"https:\/\/diarioregionaldigital.com.br\/index.php?rest_route=\/wp\/v2\/posts"}],"about":[{"href":"https:\/\/diarioregionaldigital.com.br\/index.php?rest_route=\/wp\/v2\/types\/post"}],"author":[{"embeddable":true,"href":"https:\/\/diarioregionaldigital.com.br\/index.php?rest_route=\/wp\/v2\/users\/246"}],"replies":[{"embeddable":true,"href":"https:\/\/diarioregionaldigital.com.br\/index.php?rest_route=%2Fwp%2Fv2%2Fcomments&post=200964"}],"version-history":[{"count":1,"href":"https:\/\/diarioregionaldigital.com.br\/index.php?rest_route=\/wp\/v2\/posts\/200964\/revisions"}],"predecessor-version":[{"id":200966,"href":"https:\/\/diarioregionaldigital.com.br\/index.php?rest_route=\/wp\/v2\/posts\/200964\/revisions\/200966"}],"wp:featuredmedia":[{"embeddable":true,"href":"https:\/\/diarioregionaldigital.com.br\/index.php?rest_route=\/wp\/v2\/media\/200965"}],"wp:attachment":[{"href":"https:\/\/diarioregionaldigital.com.br\/index.php?rest_route=%2Fwp%2Fv2%2Fmedia&parent=200964"}],"wp:term":[{"taxonomy":"category","embeddable":true,"href":"https:\/\/diarioregionaldigital.com.br\/index.php?rest_route=%2Fwp%2Fv2%2Fcategories&post=200964"},{"taxonomy":"post_tag","embeddable":true,"href":"https:\/\/diarioregionaldigital.com.br\/index.php?rest_route=%2Fwp%2Fv2%2Ftags&post=200964"}],"curies":[{"name":"wp","href":"https:\/\/api.w.org\/{rel}","templated":true}]}}