{"id":200960,"date":"2022-06-29T19:46:47","date_gmt":"2022-06-29T22:46:47","guid":{"rendered":"https:\/\/diarioregionaldigital.com.br\/?p=200960"},"modified":"2022-06-29T19:46:47","modified_gmt":"2022-06-29T22:46:47","slug":"cem-encerra-matriculas-do-segundo-semestre-para-cursos-e-eja-nesta-quinta-30","status":"publish","type":"post","link":"https:\/\/diarioregionaldigital.com.br\/?p=200960","title":{"rendered":"CEM encerra matr\u00edculas do segundo semestre para cursos e EJA nesta quinta, 30"},"content":{"rendered":"<p>Segundo informa\u00e7\u00f5es do site da Prefeitura de Juiz de Fora (PJF), o\u00a0Centro de Educa\u00e7\u00e3o de Jovens e Adultos \u201cDoutor Geraldo Moutinho\u201d (CEM) oferece vagas para cursos e Educa\u00e7\u00e3o de Jovens e Adultos (EJA), de forma gratuita no segundo semestre de 2022, para maiores de 12 anos. Os hor\u00e1rios de aula dispon\u00edveis s\u00e3o para manh\u00e3, tarde e noite.<br \/>\nOs interessados devem ir ao CEM, na Travessa Dr. Prisco 57, no\u00a0 Centro, para realizar a matr\u00edcula. As vagas est\u00e3o dispon\u00edveis at\u00e9 esta quinta-feira, 30, ou at\u00e9 que estejam todas preenchidas. Aqueles que n\u00e3o conseguirem efetuar suas inscri\u00e7\u00f5es neste per\u00edodo ter\u00e3o a oportunidade de pleitear, a partir do dia 1\u00b0 de agosto, as vagas n\u00e3o preenchidas.<br \/>\nPara a realiza\u00e7\u00e3o da matr\u00edcula \u00e9 necess\u00e1rio levar os seguintes documentos: CPF, RG ou certid\u00e3o de nascimento do aluno; RG e CPF dos pais ou respons\u00e1veis; comprovante de resid\u00eancia atual (Cemig, conta de celular ou conta de internet) de at\u00e9 tr\u00eas meses; e o hist\u00f3rico escolar ou declara\u00e7\u00e3o de transfer\u00eancia escolar.<br \/>\n<strong>As vagas s\u00e3o para os cursos:<\/strong><br \/>\n&#8211; Teatro<br \/>\n&#8211; Dan\u00e7a<br \/>\n&#8211; Capoeira<br \/>\n&#8211; Ingl\u00eas<br \/>\n&#8211; Espanhol<br \/>\n&#8211; Libras<br \/>\n&#8211; Futsal<br \/>\n&#8211; Gin\u00e1stica<br \/>\n&#8211; Viol\u00e3o<br \/>\n&#8211; Teclado<br \/>\n&#8211; Oficina de Pandeiros<br \/>\n&#8211; Arte e Costura<br \/>\n&#8211; Artesanato<br \/>\n&#8211; Bolsa e Bonecas<br \/>\n&#8211; Biscuit e Quilling<br \/>\n&#8211; Desenho Art\u00edstico<br \/>\nAl\u00e9m desses cursos, o CEM tamb\u00e9m oferece vagas para escolariza\u00e7\u00e3o da EJA, tanto em anos iniciais quanto finais, nos per\u00edodos da manh\u00e3, tarde e noite, e tamb\u00e9m h\u00e1 vagas para turmas de ensino regular, Tempo de Aprender, nos turnos da manh\u00e3 e da tarde.<br \/>\nPara outras informa\u00e7\u00f5es sobre os cursos, ligue 3690-7637.<\/p>\n","protected":false},"excerpt":{"rendered":"<p>Segundo informa\u00e7\u00f5es do site da Prefeitura de Juiz de Fora (PJF), o\u00a0Centro de Educa\u00e7\u00e3o de Jovens e Adultos \u201cDoutor Geraldo Moutinho\u201d (CEM) oferece vagas para cursos e Educa\u00e7\u00e3o de Jovens e Adultos (EJA), de forma gratuita no segundo semestre de 2022, para maiores de 12 anos. Os hor\u00e1rios de aula dispon\u00edveis s\u00e3o para manh\u00e3, tarde [&hellip;]<\/p>\n","protected":false},"author":246,"featured_media":200961,"comment_status":"closed","ping_status":"closed","sticky":false,"template":"","format":"standard","meta":{"footnotes":""},"categories":[253,436,440,439],"tags":[],"class_list":["post-200960","post","type-post","status-publish","format-standard","has-post-thumbnail","hentry","category-cidade","category-destaque-da-semana","category-destaques-do-dia","category-ultima-hora"],"_links":{"self":[{"href":"https:\/\/diarioregionaldigital.com.br\/index.php?rest_route=\/wp\/v2\/posts\/200960","targetHints":{"allow":["GET"]}}],"collection":[{"href":"https:\/\/diarioregionaldigital.com.br\/index.php?rest_route=\/wp\/v2\/posts"}],"about":[{"href":"https:\/\/diarioregionaldigital.com.br\/index.php?rest_route=\/wp\/v2\/types\/post"}],"author":[{"embeddable":true,"href":"https:\/\/diarioregionaldigital.com.br\/index.php?rest_route=\/wp\/v2\/users\/246"}],"replies":[{"embeddable":true,"href":"https:\/\/diarioregionaldigital.com.br\/index.php?rest_route=%2Fwp%2Fv2%2Fcomments&post=200960"}],"version-history":[{"count":2,"href":"https:\/\/diarioregionaldigital.com.br\/index.php?rest_route=\/wp\/v2\/posts\/200960\/revisions"}],"predecessor-version":[{"id":200963,"href":"https:\/\/diarioregionaldigital.com.br\/index.php?rest_route=\/wp\/v2\/posts\/200960\/revisions\/200963"}],"wp:featuredmedia":[{"embeddable":true,"href":"https:\/\/diarioregionaldigital.com.br\/index.php?rest_route=\/wp\/v2\/media\/200961"}],"wp:attachment":[{"href":"https:\/\/diarioregionaldigital.com.br\/index.php?rest_route=%2Fwp%2Fv2%2Fmedia&parent=200960"}],"wp:term":[{"taxonomy":"category","embeddable":true,"href":"https:\/\/diarioregionaldigital.com.br\/index.php?rest_route=%2Fwp%2Fv2%2Fcategories&post=200960"},{"taxonomy":"post_tag","embeddable":true,"href":"https:\/\/diarioregionaldigital.com.br\/index.php?rest_route=%2Fwp%2Fv2%2Ftags&post=200960"}],"curies":[{"name":"wp","href":"https:\/\/api.w.org\/{rel}","templated":true}]}}