{"id":200957,"date":"2022-06-29T19:43:28","date_gmt":"2022-06-29T22:43:28","guid":{"rendered":"https:\/\/diarioregionaldigital.com.br\/?p=200957"},"modified":"2022-06-29T19:43:28","modified_gmt":"2022-06-29T22:43:28","slug":"com-gol-de-gabriel-teixeira-gremio-derrota-londrina-na-serie-b","status":"publish","type":"post","link":"https:\/\/diarioregionaldigital.com.br\/?p=200957","title":{"rendered":"Com gol de Gabriel Teixeira, Gr\u00eamio derrota Londrina na S\u00e9rie B"},"content":{"rendered":"<p>O Gr\u00eamio retornou ao caminho das vit\u00f3rias na S\u00e9rie B do Campeonato Brasileiro ao bater o Londrina por 1 a 0, na noite desta ter\u00e7a-feira (28) em Porto Alegre, em jogo da 15\u00aa rodada da competi\u00e7\u00e3o.<img decoding=\"async\" src=\"https:\/\/agenciabrasil.ebc.com.br\/ebc.png?id=1468231&amp;o=node\" \/><img decoding=\"async\" src=\"https:\/\/agenciabrasil.ebc.com.br\/ebc.gif?id=1468231&amp;o=node\" \/><\/p>\n<p>Com o resultado, o Tricolor se manteve na 4\u00aa posi\u00e7\u00e3o da classifica\u00e7\u00e3o, agora com 25 pontos. J\u00e1 o Tubar\u00e3o permaneceu com 18 pontos, agora na 10\u00aa posi\u00e7\u00e3o.<\/p>\n<p>O \u00fanico gol da partida saiu aos 13 minutos do primeiro tempo, quando Gabriel Teixeira recebeu a bola na entrada da \u00e1rea, tabelou com Diego Souza e bateu na sa\u00edda do goleiro Matheus Nogueira.<\/p>\n<h2>Retorno das vit\u00f3rias<\/h2>\n<p>Quem tamb\u00e9m venceu na rodada, ap\u00f3s duas rodadas de derrotas, foi o Bahia, que bateu o Sampaio Corr\u00eaa por 2 a 0 no est\u00e1dio do Castel\u00e3o. Os gols do Tricolor foram marcados por Rodallega e Rezende.<\/p>\n<div class=\"post-item-wrap\">\n<p>Ap\u00f3s o resultado, a equipe baiana chegou aos 28 pontos, na 3\u00aa posi\u00e7\u00e3o. J\u00e1 a Bol\u00edvia Querida fica na 9\u00aa posi\u00e7\u00e3o com 19 pontos.<\/p>\n<p><span style=\"font-weight: 400;\">Fonte: Ag\u00eancia Brasil <\/span><\/p>\n<\/div>\n","protected":false},"excerpt":{"rendered":"<p>O Gr\u00eamio retornou ao caminho das vit\u00f3rias na S\u00e9rie B do Campeonato Brasileiro ao bater o Londrina por 1 a 0, na noite desta ter\u00e7a-feira (28) em Porto Alegre, em jogo da 15\u00aa rodada da competi\u00e7\u00e3o. Com o resultado, o Tricolor se manteve na 4\u00aa posi\u00e7\u00e3o da classifica\u00e7\u00e3o, agora com 25 pontos. J\u00e1 o Tubar\u00e3o [&hellip;]<\/p>\n","protected":false},"author":246,"featured_media":200958,"comment_status":"closed","ping_status":"closed","sticky":false,"template":"","format":"standard","meta":{"footnotes":""},"categories":[436,257,439],"tags":[],"class_list":["post-200957","post","type-post","status-publish","format-standard","has-post-thumbnail","hentry","category-destaque-da-semana","category-esporte","category-ultima-hora"],"_links":{"self":[{"href":"https:\/\/diarioregionaldigital.com.br\/index.php?rest_route=\/wp\/v2\/posts\/200957","targetHints":{"allow":["GET"]}}],"collection":[{"href":"https:\/\/diarioregionaldigital.com.br\/index.php?rest_route=\/wp\/v2\/posts"}],"about":[{"href":"https:\/\/diarioregionaldigital.com.br\/index.php?rest_route=\/wp\/v2\/types\/post"}],"author":[{"embeddable":true,"href":"https:\/\/diarioregionaldigital.com.br\/index.php?rest_route=\/wp\/v2\/users\/246"}],"replies":[{"embeddable":true,"href":"https:\/\/diarioregionaldigital.com.br\/index.php?rest_route=%2Fwp%2Fv2%2Fcomments&post=200957"}],"version-history":[{"count":1,"href":"https:\/\/diarioregionaldigital.com.br\/index.php?rest_route=\/wp\/v2\/posts\/200957\/revisions"}],"predecessor-version":[{"id":200959,"href":"https:\/\/diarioregionaldigital.com.br\/index.php?rest_route=\/wp\/v2\/posts\/200957\/revisions\/200959"}],"wp:featuredmedia":[{"embeddable":true,"href":"https:\/\/diarioregionaldigital.com.br\/index.php?rest_route=\/wp\/v2\/media\/200958"}],"wp:attachment":[{"href":"https:\/\/diarioregionaldigital.com.br\/index.php?rest_route=%2Fwp%2Fv2%2Fmedia&parent=200957"}],"wp:term":[{"taxonomy":"category","embeddable":true,"href":"https:\/\/diarioregionaldigital.com.br\/index.php?rest_route=%2Fwp%2Fv2%2Fcategories&post=200957"},{"taxonomy":"post_tag","embeddable":true,"href":"https:\/\/diarioregionaldigital.com.br\/index.php?rest_route=%2Fwp%2Fv2%2Ftags&post=200957"}],"curies":[{"name":"wp","href":"https:\/\/api.w.org\/{rel}","templated":true}]}}