{"id":200951,"date":"2022-06-29T19:41:22","date_gmt":"2022-06-29T22:41:22","guid":{"rendered":"https:\/\/diarioregionaldigital.com.br\/?p=200951"},"modified":"2022-06-29T19:41:22","modified_gmt":"2022-06-29T22:41:22","slug":"libertadores-hulk-perde-penalti-e-galo-empata-na-ida-das-oitavas","status":"publish","type":"post","link":"https:\/\/diarioregionaldigital.com.br\/?p=200951","title":{"rendered":"Libertadores: Hulk perde p\u00eanalti e Galo empata na ida das oitavas"},"content":{"rendered":"<p>O Atl\u00e9tico-MG empatou em 1 a 1 com o Emelec (Equador), na noite desta ter\u00e7a-feira (28) no est\u00e1dio George Capwell, em Guayaquil, pela ida das oitavas de final da Ta\u00e7a Libertadores da Am\u00e9rica. O resultado deixou um gosto amargo do torcedor do Galo, que viu o atacante Hulk desperdi\u00e7ar uma cobran\u00e7a de p\u00eanalti no final da partida.<img decoding=\"async\" src=\"https:\/\/agenciabrasil.ebc.com.br\/ebc.png?id=1468228&amp;o=node\" \/><img decoding=\"async\" src=\"https:\/\/agenciabrasil.ebc.com.br\/ebc.gif?id=1468228&amp;o=node\" \/><\/p>\n<p>Agora, as equipes decidem quem fica com a vaga nas quartas daqui a uma semana, no est\u00e1dio do Mineir\u00e3o.<\/p>\n<p>Mesmo fora de casa, a equipe comandada pelo t\u00e9cnico Antonio Mohamed come\u00e7ou melhor a partida, e abriu o placar aos 15 minutos. O goleiro Everson deu um chut\u00e3o para a frente. Hulk dominou de costas e achou Nacho, que tocou em profundidade para Ademir, que bateu na sa\u00edda do goleiro Ort\u00edz.<\/p>\n<p>O Galo continuou melhor na partida. Mas, nos dez \u00faltimos minutos da etapa inicial o Emelec melhorou e chegou a colocar uma bola na trave, aos 41 minutos com Jackson Rodr\u00edguez.<\/p>\n<p>O Atl\u00e9tico-MG manteve o controle do jogo nos primeiros minutos da etapa final, mas o panorama come\u00e7ou a mudar aos 10 minutos, quando o juiz marcou p\u00eanalti em favor dos equatorianos, com aux\u00edlio do VAR (\u00e1rbitro de v\u00eddeo), ao assinalar falta de Nathan Silva dentro da \u00e1rea. Sebasti\u00e1n Rodr\u00edguez foi para a cobran\u00e7a e n\u00e3o perdoou.<\/p>\n<p>A situa\u00e7\u00e3o do Galo complicou de vez aos 21 minutos, quando o volante Allan foi expulso pelo juiz, com aux\u00edlio do VAR, por agredir Jackson Rodr\u00edguez.<\/p>\n<p>A partida ficou aberta, com chances de lado a lado. Mas quem teve a oportunidade mais cristalina de sair com a vit\u00f3ria foi o Atl\u00e9tico-MG. Aos 40 minutos o juiz marcou p\u00eanalti em favor dos brasileiros quando Mej\u00eda puxou Hulk dentro da \u00e1rea. O pr\u00f3prio camisa 7 se apresentou para a cobran\u00e7a. Por\u00e9m, o goleiro Ort\u00edz conseguiu a defesa para garantir o empate por 1 a 1.<\/p>\n<p>Antes da partida decisiva contra o Emelec, o Atl\u00e9tico-MG joga pelo Brasileiro, no pr\u00f3ximo s\u00e1bado (2) contra o Juventude.<\/p>\n<p><span style=\"font-weight: 400;\">Fonte: Ag\u00eancia Brasil <\/span><\/p>\n","protected":false},"excerpt":{"rendered":"<p>O Atl\u00e9tico-MG empatou em 1 a 1 com o Emelec (Equador), na noite desta ter\u00e7a-feira (28) no est\u00e1dio George Capwell, em Guayaquil, pela ida das oitavas de final da Ta\u00e7a Libertadores da Am\u00e9rica. O resultado deixou um gosto amargo do torcedor do Galo, que viu o atacante Hulk desperdi\u00e7ar uma cobran\u00e7a de p\u00eanalti no final [&hellip;]<\/p>\n","protected":false},"author":246,"featured_media":200953,"comment_status":"closed","ping_status":"closed","sticky":false,"template":"","format":"standard","meta":{"footnotes":""},"categories":[436,257,439],"tags":[],"class_list":["post-200951","post","type-post","status-publish","format-standard","has-post-thumbnail","hentry","category-destaque-da-semana","category-esporte","category-ultima-hora"],"_links":{"self":[{"href":"https:\/\/diarioregionaldigital.com.br\/index.php?rest_route=\/wp\/v2\/posts\/200951","targetHints":{"allow":["GET"]}}],"collection":[{"href":"https:\/\/diarioregionaldigital.com.br\/index.php?rest_route=\/wp\/v2\/posts"}],"about":[{"href":"https:\/\/diarioregionaldigital.com.br\/index.php?rest_route=\/wp\/v2\/types\/post"}],"author":[{"embeddable":true,"href":"https:\/\/diarioregionaldigital.com.br\/index.php?rest_route=\/wp\/v2\/users\/246"}],"replies":[{"embeddable":true,"href":"https:\/\/diarioregionaldigital.com.br\/index.php?rest_route=%2Fwp%2Fv2%2Fcomments&post=200951"}],"version-history":[{"count":2,"href":"https:\/\/diarioregionaldigital.com.br\/index.php?rest_route=\/wp\/v2\/posts\/200951\/revisions"}],"predecessor-version":[{"id":200955,"href":"https:\/\/diarioregionaldigital.com.br\/index.php?rest_route=\/wp\/v2\/posts\/200951\/revisions\/200955"}],"wp:featuredmedia":[{"embeddable":true,"href":"https:\/\/diarioregionaldigital.com.br\/index.php?rest_route=\/wp\/v2\/media\/200953"}],"wp:attachment":[{"href":"https:\/\/diarioregionaldigital.com.br\/index.php?rest_route=%2Fwp%2Fv2%2Fmedia&parent=200951"}],"wp:term":[{"taxonomy":"category","embeddable":true,"href":"https:\/\/diarioregionaldigital.com.br\/index.php?rest_route=%2Fwp%2Fv2%2Fcategories&post=200951"},{"taxonomy":"post_tag","embeddable":true,"href":"https:\/\/diarioregionaldigital.com.br\/index.php?rest_route=%2Fwp%2Fv2%2Ftags&post=200951"}],"curies":[{"name":"wp","href":"https:\/\/api.w.org\/{rel}","templated":true}]}}