{"id":200948,"date":"2022-06-29T19:39:05","date_gmt":"2022-06-29T22:39:05","guid":{"rendered":"https:\/\/diarioregionaldigital.com.br\/?p=200948"},"modified":"2022-06-29T19:39:05","modified_gmt":"2022-06-29T22:39:05","slug":"brasil-encerra-pan-de-ginastica-de-trampolim-com-nove-medalhas","status":"publish","type":"post","link":"https:\/\/diarioregionaldigital.com.br\/?p=200948","title":{"rendered":"Brasil encerra Pan de Gin\u00e1stica de Trampolim com nove medalhas"},"content":{"rendered":"<p>O Brasil encerrou nesta ter\u00e7a-feira (28) a participa\u00e7\u00e3o no Campeonato Pan-Americano de Gin\u00e1stica de Trampolim, realizado na Arena 1 do Parque Ol\u00edmpico da Barra, no\u00a0 Rio de Janeiro, com a conquista de nove medalhas, sendo tr\u00eas de ouro.<img decoding=\"async\" src=\"https:\/\/agenciabrasil.ebc.com.br\/ebc.png?id=1468183&amp;o=node\" \/><img decoding=\"async\" src=\"https:\/\/agenciabrasil.ebc.com.br\/ebc.gif?id=1468183&amp;o=node\" \/><\/p>\n<p>O grande destaque da equipe brasileira foi Camilla Gomes, que garantiu duas medalhas douradas, uma no trampolim individual e outra no trampolim sincronizado ao lado de Alice Hellen. A terceira atleta do pa\u00eds a ficar no lugar mais alto do p\u00f3dio foi Gabriela Cordeiro, campe\u00e3 no trampolim individual categoria juvenil.<\/p>\n<p>\u201cEstou muito feliz. Minha primeira vez em um Pan-Americano, uma competi\u00e7\u00e3o assim como essa, e \u00e9 muito legal. Hoje contamos com o apoio da torcida, teve bastante gente aqui torcendo, eu at\u00e9 fiquei um pouquinho nervosa, mas estou super feliz\u201d, declarou Gabriela \u00e0 assessoria da Confedera\u00e7\u00e3o Brasileira de Gin\u00e1stica (CBG).<\/p>\n<p>Al\u00e9m das tr\u00eas medalhas douradas o Brasil terminou a competi\u00e7\u00e3o com mais quatro pratas &#8211; no trampolim por equipes feminino (com Camilla Gomes, Alice Hellen, Ana Luiza Pereira Soares e Maria Luiza Fran\u00e7a Lopes Oliveira), no trampolim individual feminino (com Alice Hellen), no trampolim individual masculino juvenil (com Arthur Antunes Ferreira) e no trampolim individual feminino juvenil (com Alice Reis Albuquerque) \u2013 e dois bronzes \u2013 no trampolim individual masculino juvenil (com Marcos Paulo) e duplo-mini juvenil (com Jo\u00e3o Guilherme Silva).<\/p>\n<p>Na opini\u00e3o do coordenador geral da CBG, Henrique Motta, o evento foi de grande import\u00e2ncia para o desenvolvimento da modalidade no pa\u00eds: \u201cEsse evento \u00e9 fundamental para o desenvolvimento esportivo da gin\u00e1stica brasileira. \u00c9 o segundo ano seguindo que a gente faz no Brasil e \u00e9 muito importante para a modalidade dar a oportunidade desses jovens atletas e tamb\u00e9m aos mais experientes de estarem competindo em casa e ao mesmo tempo com porte internacional. Eles conseguem se preparar para as principais competi\u00e7\u00f5es que t\u00eam ao longo da temporada de 2022 e do ciclo ol\u00edmpico de Paris. O saldo esportivo, sem d\u00favida, \u00e9 100%\u201d.<\/p>\n<p><span style=\"font-weight: 400;\">Fonte: Ag\u00eancia Brasil <\/span><\/p>\n","protected":false},"excerpt":{"rendered":"<p>O Brasil encerrou nesta ter\u00e7a-feira (28) a participa\u00e7\u00e3o no Campeonato Pan-Americano de Gin\u00e1stica de Trampolim, realizado na Arena 1 do Parque Ol\u00edmpico da Barra, no\u00a0 Rio de Janeiro, com a conquista de nove medalhas, sendo tr\u00eas de ouro. O grande destaque da equipe brasileira foi Camilla Gomes, que garantiu duas medalhas douradas, uma no trampolim [&hellip;]<\/p>\n","protected":false},"author":246,"featured_media":200949,"comment_status":"closed","ping_status":"closed","sticky":false,"template":"","format":"standard","meta":{"footnotes":""},"categories":[436,257,439],"tags":[],"class_list":["post-200948","post","type-post","status-publish","format-standard","has-post-thumbnail","hentry","category-destaque-da-semana","category-esporte","category-ultima-hora"],"_links":{"self":[{"href":"https:\/\/diarioregionaldigital.com.br\/index.php?rest_route=\/wp\/v2\/posts\/200948","targetHints":{"allow":["GET"]}}],"collection":[{"href":"https:\/\/diarioregionaldigital.com.br\/index.php?rest_route=\/wp\/v2\/posts"}],"about":[{"href":"https:\/\/diarioregionaldigital.com.br\/index.php?rest_route=\/wp\/v2\/types\/post"}],"author":[{"embeddable":true,"href":"https:\/\/diarioregionaldigital.com.br\/index.php?rest_route=\/wp\/v2\/users\/246"}],"replies":[{"embeddable":true,"href":"https:\/\/diarioregionaldigital.com.br\/index.php?rest_route=%2Fwp%2Fv2%2Fcomments&post=200948"}],"version-history":[{"count":2,"href":"https:\/\/diarioregionaldigital.com.br\/index.php?rest_route=\/wp\/v2\/posts\/200948\/revisions"}],"predecessor-version":[{"id":200952,"href":"https:\/\/diarioregionaldigital.com.br\/index.php?rest_route=\/wp\/v2\/posts\/200948\/revisions\/200952"}],"wp:featuredmedia":[{"embeddable":true,"href":"https:\/\/diarioregionaldigital.com.br\/index.php?rest_route=\/wp\/v2\/media\/200949"}],"wp:attachment":[{"href":"https:\/\/diarioregionaldigital.com.br\/index.php?rest_route=%2Fwp%2Fv2%2Fmedia&parent=200948"}],"wp:term":[{"taxonomy":"category","embeddable":true,"href":"https:\/\/diarioregionaldigital.com.br\/index.php?rest_route=%2Fwp%2Fv2%2Fcategories&post=200948"},{"taxonomy":"post_tag","embeddable":true,"href":"https:\/\/diarioregionaldigital.com.br\/index.php?rest_route=%2Fwp%2Fv2%2Ftags&post=200948"}],"curies":[{"name":"wp","href":"https:\/\/api.w.org\/{rel}","templated":true}]}}