{"id":200938,"date":"2022-06-29T19:29:43","date_gmt":"2022-06-29T22:29:43","guid":{"rendered":"https:\/\/diarioregionaldigital.com.br\/?p=200938"},"modified":"2022-06-29T19:29:43","modified_gmt":"2022-06-29T22:29:43","slug":"governo-reforca-politica-estadual-de-seguranca-de-barragens-e-garante-mais-rigor-no-caso-de-infracoes-ambientais","status":"publish","type":"post","link":"https:\/\/diarioregionaldigital.com.br\/?p=200938","title":{"rendered":"Governo refor\u00e7a Pol\u00edtica Estadual de Seguran\u00e7a de Barragens e garante mais rigor no caso de infra\u00e7\u00f5es ambientais"},"content":{"rendered":"<p>O\u00a0<a href=\"https:\/\/www.mg.gov.br\/\" target=\"_blank\" rel=\"noopener\">Governo de Minas<\/a>\u00a0publicou, nesta quarta-feira (28\/6), o decreto 48.454\/2022,\u00a0que estabelece\u00a0novas regulamenta\u00e7\u00f5es para a Pol\u00edtica Estadual de Seguran\u00e7a de Barragens (Pesb) e de prote\u00e7\u00e3o do meio ambiente. O instrumento normativo altera parte dos decretos anteriores &#8211; 47.383\/2018 e 48.078\/2020, que tratam da Pesb\u00a0e de normas e penalidades, respectivamente, proporcionando mais rigor \u00e0 seguran\u00e7a das estruturas instaladas no estado.<\/p>\n<p>O novo decreto endurece as regras no caso de infra\u00e7\u00f5es ambientais pelo descumprimento das obriga\u00e7\u00f5es previstas na Lei 23.291\/2019. Al\u00e9m das demais san\u00e7\u00f5es e medidas cab\u00edveis institu\u00eddas no Decreto 48.078\/2020, ser\u00e1 imposta a suspens\u00e3o imediata das licen\u00e7as ambientais.<\/p>\n<p>No caso de infra\u00e7\u00f5es que envolverem o descumprimento de obriga\u00e7\u00f5es materiais ou que, a crit\u00e9rio da autoridade competente, comprometam a seguran\u00e7a de vidas humanas, do meio ambiente ou da barragem, por exemplo, ser\u00e3o suspensas todas as licen\u00e7as do empreendimento.<\/p>\n<p>J\u00e1 nas infra\u00e7\u00f5es que envolverem a simples entrega de informa\u00e7\u00f5es, dados, estudos ou documentos fora do prazo ou do modo estabelecido, e desde que, a crit\u00e9rio da autoridade competente, n\u00e3o haja comprometimento da seguran\u00e7a de vidas humanas, do meio ambiente ou da barragem, ser\u00e3o suspensas as licen\u00e7as das estruturas.<\/p>\n<p>As suspens\u00f5es com base no novo decreto ter\u00e3o vigor at\u00e9 que seja comprovada a regulariza\u00e7\u00e3o da situa\u00e7\u00e3o que motivou a imposi\u00e7\u00e3o das medidas ou, a crit\u00e9rio da autoridade competente, sejam acatadas as justificativas apresentadas.<\/p>\n<p>Para o presidente da\u00a0<a href=\"http:\/\/www.feam.br\/\" target=\"_blank\" rel=\"noopener\">Funda\u00e7\u00e3o Estadual do Meio Ambiente (Feam)<\/a>, Renato Brand\u00e3o, o novo decreto esclarece quanto \u00e0 suspens\u00e3o de licen\u00e7as ambientais relacionadas ao descumprimento do Pesb. \u201cCom rela\u00e7\u00e3o ao decreto, ele \u00e9 importante porque nos d\u00e1 os instrumentos para aplicar as autua\u00e7\u00f5es espec\u00edficas no caso de descumprimento da Pol\u00edtica Estadual de Seguran\u00e7a de Barragens\u201d, afirma Renato.<\/p>\n<p><strong>Tipos de infra\u00e7\u00f5es<\/strong><\/p>\n<p>H\u00e1 novidades tamb\u00e9m na tipifica\u00e7\u00e3o e na classifica\u00e7\u00e3o de infra\u00e7\u00f5es ambientais. O documento passa a contar com novos c\u00f3digos, que viabilizar\u00e3o a atua\u00e7\u00e3o dos agentes no exerc\u00edcio do poder de pol\u00edcia administrativa. Ao todo, nove c\u00f3digos foram adicionados ao decreto.<\/p>\n<p>Aus\u00eancia de comunica\u00e7\u00e3o de ocorr\u00eancia de acidente com danos ambientais em tempo determinado; n\u00e3o-realiza\u00e7\u00e3o de auditoria t\u00e9cnica de seguran\u00e7a de barragem; n\u00e3o-disponibiliza\u00e7\u00e3o de relat\u00f3rios de auditoria t\u00e9cnica de seguran\u00e7a de barragens para fins de fiscaliza\u00e7\u00e3o ambiental; n\u00e3o-aplica\u00e7\u00e3o de implementa\u00e7\u00f5es de a\u00e7\u00f5es ou medidas corretivas especificadas em relat\u00f3rios de auditoria t\u00e9cnica de seguran\u00e7a de barragens; e descumprimento de determina\u00e7\u00e3o ou obriga\u00e7\u00e3o decorrente da Pesb\u00a0s\u00e3o alguns dos outros c\u00f3digos adicionados ao documento.<\/p>\n<p><strong>Prazo<\/strong><\/p>\n<p>O decreto tamb\u00e9m regulamenta os procedimentos para an\u00e1lise e aprova\u00e7\u00e3o do Plano de A\u00e7\u00e3o de Emerg\u00eancia (PAE), estabelecido no art. 9\u00ba da Lei n\u00ba 23.291, de 25 de fevereiro de 2019, que instituiu a Pesb. Com a nova reda\u00e7\u00e3o, \u00f3rg\u00e3os e entidades competentes ter\u00e3o o prazo de 365 dias para proceder \u00e0 an\u00e1lise e decidir pela aprova\u00e7\u00e3o e reprova\u00e7\u00e3o do PAE, a partir da data de recebimento da documenta\u00e7\u00e3o pelas unidades da\u00a0<a href=\"http:\/\/www.meioambiente.mg.gov.br\/\" target=\"_blank\" rel=\"noopener\">Secretaria de Estado de Meio Ambiente e Desenvolvimento Sustent\u00e1vel (Semad)<\/a>\u00a0respons\u00e1veis pela regulariza\u00e7\u00e3o ambiental. Antes, o prazo era de 180 dias.<\/p>\n<p><span style=\"font-weight: 400;\">Fonte: Ag\u00eancia Minas\u00a0 <\/span><\/p>\n","protected":false},"excerpt":{"rendered":"<p>O\u00a0Governo de Minas\u00a0publicou, nesta quarta-feira (28\/6), o decreto 48.454\/2022,\u00a0que estabelece\u00a0novas regulamenta\u00e7\u00f5es para a Pol\u00edtica Estadual de Seguran\u00e7a de Barragens (Pesb) e de prote\u00e7\u00e3o do meio ambiente. O instrumento normativo altera parte dos decretos anteriores &#8211; 47.383\/2018 e 48.078\/2020, que tratam da Pesb\u00a0e de normas e penalidades, respectivamente, proporcionando mais rigor \u00e0 seguran\u00e7a das estruturas instaladas [&hellip;]<\/p>\n","protected":false},"author":246,"featured_media":200939,"comment_status":"closed","ping_status":"closed","sticky":false,"template":"","format":"standard","meta":{"footnotes":""},"categories":[436,254,439],"tags":[],"class_list":["post-200938","post","type-post","status-publish","format-standard","has-post-thumbnail","hentry","category-destaque-da-semana","category-politica","category-ultima-hora"],"_links":{"self":[{"href":"https:\/\/diarioregionaldigital.com.br\/index.php?rest_route=\/wp\/v2\/posts\/200938","targetHints":{"allow":["GET"]}}],"collection":[{"href":"https:\/\/diarioregionaldigital.com.br\/index.php?rest_route=\/wp\/v2\/posts"}],"about":[{"href":"https:\/\/diarioregionaldigital.com.br\/index.php?rest_route=\/wp\/v2\/types\/post"}],"author":[{"embeddable":true,"href":"https:\/\/diarioregionaldigital.com.br\/index.php?rest_route=\/wp\/v2\/users\/246"}],"replies":[{"embeddable":true,"href":"https:\/\/diarioregionaldigital.com.br\/index.php?rest_route=%2Fwp%2Fv2%2Fcomments&post=200938"}],"version-history":[{"count":1,"href":"https:\/\/diarioregionaldigital.com.br\/index.php?rest_route=\/wp\/v2\/posts\/200938\/revisions"}],"predecessor-version":[{"id":200940,"href":"https:\/\/diarioregionaldigital.com.br\/index.php?rest_route=\/wp\/v2\/posts\/200938\/revisions\/200940"}],"wp:featuredmedia":[{"embeddable":true,"href":"https:\/\/diarioregionaldigital.com.br\/index.php?rest_route=\/wp\/v2\/media\/200939"}],"wp:attachment":[{"href":"https:\/\/diarioregionaldigital.com.br\/index.php?rest_route=%2Fwp%2Fv2%2Fmedia&parent=200938"}],"wp:term":[{"taxonomy":"category","embeddable":true,"href":"https:\/\/diarioregionaldigital.com.br\/index.php?rest_route=%2Fwp%2Fv2%2Fcategories&post=200938"},{"taxonomy":"post_tag","embeddable":true,"href":"https:\/\/diarioregionaldigital.com.br\/index.php?rest_route=%2Fwp%2Fv2%2Ftags&post=200938"}],"curies":[{"name":"wp","href":"https:\/\/api.w.org\/{rel}","templated":true}]}}