{"id":200935,"date":"2022-06-29T19:27:48","date_gmt":"2022-06-29T22:27:48","guid":{"rendered":"https:\/\/diarioregionaldigital.com.br\/?p=200935"},"modified":"2022-06-29T19:27:48","modified_gmt":"2022-06-29T22:27:48","slug":"governo-de-minas-entrega-2-mil-notebooks-a-cem-cidades-com-os-menores-idh-do-estado","status":"publish","type":"post","link":"https:\/\/diarioregionaldigital.com.br\/?p=200935","title":{"rendered":"Governo de Minas entrega 2 mil notebooks a cem cidades com os menores IDH do estado"},"content":{"rendered":"<p>O\u00a0<a href=\"http:\/\/www.mg.gov.br\/\" target=\"_blank\" rel=\"noopener\">Governo de Minas<\/a>\u00a0fez a entrega de 2 mil notebooks para cem\u00a0prefeituras nesta ter\u00e7a-feira (28\/6), em cerim\u00f4nia no Pal\u00e1cio da Liberdade, em Belo Horizonte. Os munic\u00edpios est\u00e3o entre os menores \u00cdndices de Desenvolvimento Humano (IDH) do estado e recebem os equipamentos como parte do programa TecPop Minas, iniciativa desenvolvida pela Secretaria de Estado de Desenvolvimento Econ\u00f4mico (Sede).<\/p>\n<p>Os munic\u00edpios contemplados neste edital de 2021 recebem 20 notebooks, cada, e um carrinho de recarga para a cria\u00e7\u00e3o de laborat\u00f3rios m\u00f3veis, estruturas montadas para a interioriza\u00e7\u00e3o e o fortalecimento da inclus\u00e3o digital e da capacita\u00e7\u00e3o profissional. Em contrapartida, cabe \u00e0s prefeituras promoverem o TecPop Minas para a popula\u00e7\u00e3o O programa oferece, de maneira gratuita, mais de 150 cursos on-line de institui\u00e7\u00f5es parceiras nas \u00e1reas de Tecnologia da Informa\u00e7\u00e3o e Comunica\u00e7\u00e3o, Empreendedorismo, Gest\u00e3o e Neg\u00f3cios, Profiss\u00f5es do Futuro e Sa\u00fade P\u00fablica.<\/p>\n<p>O governador Romeu Zema participou da solenidade, que reuniu cerca de 70 prefeitos, ao lado do secret\u00e1rio de Estado de\u00a0<a href=\"http:\/\/www.desenvolvimento.mg.gov.br\/\" target=\"_blank\" rel=\"noopener\">Desenvolvimento Econ\u00f4mico (Sede)<\/a>, Fernando Passalio, e da secret\u00e1ria de Estado de\u00a0<a href=\"http:\/\/www.planejamento.mg.gov.br\/\" target=\"_blank\" rel=\"noopener\">Planejamento e Gest\u00e3o (Seplag)<\/a>, Lu\u00edsa Barreto. Eles entregaram, de forma simb\u00f3lica, notebooks para os prefeitos de dez munic\u00edpios de diferentes regi\u00f5es do estado, contemplados pelo TecPop.<\/p>\n<p>O governador salientou o papel da forma\u00e7\u00e3o profissional para o fomento \u00e0 atividade econ\u00f4mica em Minas. \u201cCom a inclus\u00e3o digital e a qualifica\u00e7\u00e3o profissional, estamos dando a oportunidade de jovens terem uma remunera\u00e7\u00e3o que o pai e a m\u00e3e jamais sonharam, e emprego \u00e9 o que n\u00e3o falta nessa \u00e1rea de tecnologia\u201d, disse.<\/p>\n<p><main class=\"clear margin-md-bottom-3\"><\/p>\n<div class=\"clear \">\n<p>Romeu Zema disse ainda que o projeto complementa o Trilhas de Futuro, programa que disponibilizou 115 mil vagas de cursos profissionalizantes gratuitos para jovens.<\/p>\n<p><strong>M\u00e3o de obra qualificada<\/strong><\/p>\n<p>O TecPop Minas foi criado pela Subsecretaria de Ci\u00eancia, Tecnologia e Inova\u00e7\u00e3o da Sede, e deve ampliar o n\u00famero de cursos e parceiros em 2023. De acordo com o subsecret\u00e1rio Felipe Atti\u00ea, um dos idealizadores do programa, essa capacita\u00e7\u00e3o preenche uma demanda por profissionais no estado.<\/p>\n<p>&#8220;Um estudo realizado pela empresa de consultoria Mckinsey, e divulgado pela rede social profissional LinkedIn, indica que at\u00e9 2030 no Brasil, 1 milh\u00e3o de vagas como programadores, analistas e desenvolvedores, cargos com remunera\u00e7\u00e3o entre R$6 mil e R$60 mil, n\u00e3o ser\u00e3o preenchidas por falta de m\u00e3o de obra qualificada. Ent\u00e3o o TecPop Minas \u00e9 um caminho para dar resposta a esse quadro por parte do Governo do Estado\u201d, disse Atti\u00ea.<\/p>\n<p>O prefeito David Carvalho Pimenta, da cidade de Sim\u00e3o Pereira, na Zona da Mata, comemorou a chegada dos computadores e a diferen\u00e7a que isso trar\u00e1 para a popula\u00e7\u00e3o de sua cidade. &#8220;\u00c9 um programa importante para n\u00f3s, dos pequenos munic\u00edpios, que n\u00e3o temos internet nem fibra \u00f3tica. Temos o profissional, temos o espa\u00e7o e agora temos o equipamento para atendermos n\u00e3o apenas os jovens, mas tamb\u00e9m os idosos, gente da zona rural que nunca teve a oportunidade de fazer um curso de inform\u00e1tica, mas tem essa vontade&#8221;, falou o prefeito do munic\u00edpio de cerca de 2.600 habitantes.<\/p>\n<p>J\u00e1 Mauro Roberto Francisco Batista, prefeito de Machacalis, no Vale do Mucuri, acredita que a chegada das m\u00e1quinas &#8220;vem em bom momento para darmos condi\u00e7\u00f5es de nossa popula\u00e7\u00e3o entrarem no mercado de trabalho e competirem em melhores condi\u00e7\u00f5es com os grandes centros&#8221;.<\/p>\n<p><span style=\"font-weight: 400;\"><br \/>\n<\/span><span style=\"font-weight: 400;\">Fonte: Ag\u00eancia Minas <\/span><\/p>\n<\/div>\n<p><\/main><\/p>\n","protected":false},"excerpt":{"rendered":"<p>O\u00a0Governo de Minas\u00a0fez a entrega de 2 mil notebooks para cem\u00a0prefeituras nesta ter\u00e7a-feira (28\/6), em cerim\u00f4nia no Pal\u00e1cio da Liberdade, em Belo Horizonte. Os munic\u00edpios est\u00e3o entre os menores \u00cdndices de Desenvolvimento Humano (IDH) do estado e recebem os equipamentos como parte do programa TecPop Minas, iniciativa desenvolvida pela Secretaria de Estado de Desenvolvimento Econ\u00f4mico [&hellip;]<\/p>\n","protected":false},"author":246,"featured_media":200936,"comment_status":"closed","ping_status":"closed","sticky":false,"template":"","format":"standard","meta":{"footnotes":""},"categories":[436,254,439],"tags":[],"class_list":["post-200935","post","type-post","status-publish","format-standard","has-post-thumbnail","hentry","category-destaque-da-semana","category-politica","category-ultima-hora"],"_links":{"self":[{"href":"https:\/\/diarioregionaldigital.com.br\/index.php?rest_route=\/wp\/v2\/posts\/200935","targetHints":{"allow":["GET"]}}],"collection":[{"href":"https:\/\/diarioregionaldigital.com.br\/index.php?rest_route=\/wp\/v2\/posts"}],"about":[{"href":"https:\/\/diarioregionaldigital.com.br\/index.php?rest_route=\/wp\/v2\/types\/post"}],"author":[{"embeddable":true,"href":"https:\/\/diarioregionaldigital.com.br\/index.php?rest_route=\/wp\/v2\/users\/246"}],"replies":[{"embeddable":true,"href":"https:\/\/diarioregionaldigital.com.br\/index.php?rest_route=%2Fwp%2Fv2%2Fcomments&post=200935"}],"version-history":[{"count":1,"href":"https:\/\/diarioregionaldigital.com.br\/index.php?rest_route=\/wp\/v2\/posts\/200935\/revisions"}],"predecessor-version":[{"id":200937,"href":"https:\/\/diarioregionaldigital.com.br\/index.php?rest_route=\/wp\/v2\/posts\/200935\/revisions\/200937"}],"wp:featuredmedia":[{"embeddable":true,"href":"https:\/\/diarioregionaldigital.com.br\/index.php?rest_route=\/wp\/v2\/media\/200936"}],"wp:attachment":[{"href":"https:\/\/diarioregionaldigital.com.br\/index.php?rest_route=%2Fwp%2Fv2%2Fmedia&parent=200935"}],"wp:term":[{"taxonomy":"category","embeddable":true,"href":"https:\/\/diarioregionaldigital.com.br\/index.php?rest_route=%2Fwp%2Fv2%2Fcategories&post=200935"},{"taxonomy":"post_tag","embeddable":true,"href":"https:\/\/diarioregionaldigital.com.br\/index.php?rest_route=%2Fwp%2Fv2%2Ftags&post=200935"}],"curies":[{"name":"wp","href":"https:\/\/api.w.org\/{rel}","templated":true}]}}