{"id":200931,"date":"2022-06-29T19:24:15","date_gmt":"2022-06-29T22:24:15","guid":{"rendered":"https:\/\/diarioregionaldigital.com.br\/?p=200931"},"modified":"2022-06-29T19:24:15","modified_gmt":"2022-06-29T22:24:15","slug":"minas-supera-marca-de-514-mil-postos-de-trabalho-com-carteira-assinada","status":"publish","type":"post","link":"https:\/\/diarioregionaldigital.com.br\/?p=200931","title":{"rendered":"Minas supera marca de 514 mil postos de trabalho com carteira assinada"},"content":{"rendered":"<p>Minas Gerais j\u00e1 ultrapassou a marca de 514 mil postos de trabalho gerados na atual gest\u00e3o, segundo dados do Cadastro Geral de Empregados e Desempregados (Caged), divulgados nesta ter\u00e7a-feira (28\/6) pelo Minist\u00e9rio do Trabalho e Previd\u00eancia.\u00a0\u00a0Em maio, pelo 4\u00ba m\u00eas consecutivo, o estado tamb\u00e9m manteve saldo positivo na gera\u00e7\u00e3o de empregos, com 29.970 oportunidades. No acumulado do ano, j\u00e1 s\u00e3o 108.747 vagas formais disponibilizadas aos mineiros.<\/p>\n<p>Com a consolida\u00e7\u00e3o dos dados do Caged, desde janeiro de 2019 at\u00e9 maio deste ano, Minas Gerais j\u00e1 garantiu a gera\u00e7\u00e3o de 514.740 vagas com carteira assinada, resultado da admiss\u00e3o de 8.585.138 trabalhadores e do desligamento de outros 6.260.398 neste per\u00edodo. Ap\u00f3s saldo negativo de 1.014 vagas de empregos formais registrado em 2020, consequ\u00eancia da crise provocada pela pandemia de covid-19, houve uma recupera\u00e7\u00e3o no mercado mineiro de trabalho no ano passado, com saldo positivo de 309.287 vagas.<\/p>\n<p>&#8220;O cen\u00e1rio otimista projetado para a economia de Minas Gerais em 2022 vem se confirmando com a sequ\u00eancia de resultados positivos de gera\u00e7\u00e3o de empregos. Observa-se o cont\u00ednuo crescimento das contrata\u00e7\u00f5es e das atividades de produ\u00e7\u00e3o e consumo, sobretudo nos setores de ind\u00fastria, servi\u00e7os e com\u00e9rcio&#8221;, afirmou Amanda Siqueira Carvalho, diretora de Monitoramento e Articula\u00e7\u00e3o de Oportunidades de Trabalho da\u00a0<a href=\"https:\/\/social.mg.gov.br\/\" target=\"_blank\" rel=\"noopener noreferrer\" data-auth=\"NotApplicable\" data-linkindex=\"0\">Secretaria de Estado de Desenvolvimento Social (Sedese)<\/a><\/p>\n<p><strong>Caged de maio\u00a0<\/strong><\/p>\n<p>No m\u00eas de maio, Minas registrou o quarto saldo positivo consecutivo na gera\u00e7\u00e3o de empregos com carteira assinada, com 29.970 postos de trabalho, resultado de 217.499 admiss\u00f5es e 187.529 desligamentos.<\/p>\n<p>Comparando com outras unidades da Federa\u00e7\u00e3o, o estado ficou em segundo lugar na gera\u00e7\u00e3o de empregos formais, ficando atr\u00e1s apenas de S\u00e3o Paulo, que registrou, no mesmo per\u00edodo, saldo de 85.659 postos de trabalho.<\/p>\n<p>Por setor de atividade econ\u00f4mica, todos os grandes grupos registraram desempenho positivo em maio, com lideran\u00e7a de servi\u00e7os (12.627 novas vagas), seguido por ind\u00fastria (5.429), com\u00e9rcio (5.427), constru\u00e7\u00e3o civil (3.491) e agropecu\u00e1ria (2.996).<\/p>\n<p><strong>Oportunidades em Minas\u00a0<\/strong><\/p>\n<p>De acordo com o\u00a0<a href=\"https:\/\/app.powerbi.com\/view?r=eyJrIjoiZWZjNWFmOWMtMTYwNS00ZDQ3LWFhOTgtMTU5YTQwZmE5ZTJiIiwidCI6ImMwZTY1MzllLThjZGUtNDZlNy1hOTc4LWI1YTNmZTlmMGMzOSJ9&amp;pageName=ReportSection\" target=\"_blank\" rel=\"noopener noreferrer\" data-auth=\"NotApplicable\" data-linkindex=\"1\">Painel de Informa\u00e7\u00f5es do Sistema Nacional de Emprego (Sine)<\/a>, nas 133 unidades do \u00f3rg\u00e3o, coordenadas em Minas pela Sedese\u00a0, existem 11.094 vagas de empregos abertas nesta ter\u00e7a-feira (28\/06), sendo 311 para pessoas com defici\u00eancia (PCD).\u00a0\u00a0H\u00e1 1.313 vagas para serventes de pedreiro, 866 para alimentador de linha de produ\u00e7\u00e3o e\u00a0720 para pedreiros, entre outras.<\/p>\n<p>A consulta ao Painel foi disponibilizada pelo\u00a0<a href=\"https:\/\/www.mg.gov.br\/\" target=\"_blank\" rel=\"noopener noreferrer\" data-auth=\"NotApplicable\" data-linkindex=\"2\">Governo de Minas<\/a>\u00a0em fevereiro deste ano. Pela internet, o trabalhador pode ter acesso \u00e0s oportunidades dispon\u00edveis em todas as unidades do Estado. No sistema, h\u00e1 filtros por regi\u00e3o, munic\u00edpio, ocupa\u00e7\u00f5es e unidades.<\/p>\n<p><span style=\"font-weight: 400;\">Fonte: Ag\u00eancia Minas\u00a0 <\/span><\/p>\n","protected":false},"excerpt":{"rendered":"<p>Minas Gerais j\u00e1 ultrapassou a marca de 514 mil postos de trabalho gerados na atual gest\u00e3o, segundo dados do Cadastro Geral de Empregados e Desempregados (Caged), divulgados nesta ter\u00e7a-feira (28\/6) pelo Minist\u00e9rio do Trabalho e Previd\u00eancia.\u00a0\u00a0Em maio, pelo 4\u00ba m\u00eas consecutivo, o estado tamb\u00e9m manteve saldo positivo na gera\u00e7\u00e3o de empregos, com 29.970 oportunidades. No [&hellip;]<\/p>\n","protected":false},"author":246,"featured_media":200932,"comment_status":"closed","ping_status":"closed","sticky":false,"template":"","format":"standard","meta":{"footnotes":""},"categories":[436,440,254,439],"tags":[],"class_list":["post-200931","post","type-post","status-publish","format-standard","has-post-thumbnail","hentry","category-destaque-da-semana","category-destaques-do-dia","category-politica","category-ultima-hora"],"_links":{"self":[{"href":"https:\/\/diarioregionaldigital.com.br\/index.php?rest_route=\/wp\/v2\/posts\/200931","targetHints":{"allow":["GET"]}}],"collection":[{"href":"https:\/\/diarioregionaldigital.com.br\/index.php?rest_route=\/wp\/v2\/posts"}],"about":[{"href":"https:\/\/diarioregionaldigital.com.br\/index.php?rest_route=\/wp\/v2\/types\/post"}],"author":[{"embeddable":true,"href":"https:\/\/diarioregionaldigital.com.br\/index.php?rest_route=\/wp\/v2\/users\/246"}],"replies":[{"embeddable":true,"href":"https:\/\/diarioregionaldigital.com.br\/index.php?rest_route=%2Fwp%2Fv2%2Fcomments&post=200931"}],"version-history":[{"count":2,"href":"https:\/\/diarioregionaldigital.com.br\/index.php?rest_route=\/wp\/v2\/posts\/200931\/revisions"}],"predecessor-version":[{"id":200934,"href":"https:\/\/diarioregionaldigital.com.br\/index.php?rest_route=\/wp\/v2\/posts\/200931\/revisions\/200934"}],"wp:featuredmedia":[{"embeddable":true,"href":"https:\/\/diarioregionaldigital.com.br\/index.php?rest_route=\/wp\/v2\/media\/200932"}],"wp:attachment":[{"href":"https:\/\/diarioregionaldigital.com.br\/index.php?rest_route=%2Fwp%2Fv2%2Fmedia&parent=200931"}],"wp:term":[{"taxonomy":"category","embeddable":true,"href":"https:\/\/diarioregionaldigital.com.br\/index.php?rest_route=%2Fwp%2Fv2%2Fcategories&post=200931"},{"taxonomy":"post_tag","embeddable":true,"href":"https:\/\/diarioregionaldigital.com.br\/index.php?rest_route=%2Fwp%2Fv2%2Ftags&post=200931"}],"curies":[{"name":"wp","href":"https:\/\/api.w.org\/{rel}","templated":true}]}}