{"id":200928,"date":"2022-06-29T19:18:31","date_gmt":"2022-06-29T22:18:31","guid":{"rendered":"https:\/\/diarioregionaldigital.com.br\/?p=200928"},"modified":"2022-06-29T19:18:31","modified_gmt":"2022-06-29T22:18:31","slug":"servidores-do-bc-manterao-greve-ate-segunda-feira","status":"publish","type":"post","link":"https:\/\/diarioregionaldigital.com.br\/?p=200928","title":{"rendered":"Servidores do BC manter\u00e3o greve at\u00e9 segunda-feira"},"content":{"rendered":"<p>Em greve h\u00e1 quase tr\u00eas meses, os servidores do Banco Central (BC) manter\u00e3o o movimento at\u00e9 a pr\u00f3xima segunda-feira (4). Em assembleia, a categoria decidiu continuar parada at\u00e9 o \u00faltimo dia poss\u00edvel para a concess\u00e3o de aumentos salariais determinado pela Lei de Responsabilidade Fiscal.<\/p>\n<p>De acordo com o Sindicato Nacional de Funcion\u00e1rios do BC (Sinal), os servidores far\u00e3o um ato virtual pela valoriza\u00e7\u00e3o da carreira no dia 4, com protestos contra o que consideram intransig\u00eancia na postura do presidente da institui\u00e7\u00e3o, Roberto Campos Neto. Na ter\u00e7a-feira (5), os funcion\u00e1rios far\u00e3o nova assembleia para decidir os rumos do movimento.<\/p>\n<p>Pela Lei de Responsabilidade Fiscal, o Congresso precisaria aprovar, at\u00e9 30 de junho, reajustes que reponham perdas com a infla\u00e7\u00e3o, com a lei entrando em vigor em 4 de julho. Para cumprir esse prazo, no entanto, o governo precisaria ter enviado projeto de lei ou medida provis\u00f3ria ao Congresso no fim de maio ou na primeira semana de junho.<img decoding=\"async\" src=\"https:\/\/agenciabrasil.ebc.com.br\/ebc.png?id=1468218&amp;o=node\" \/><img decoding=\"async\" src=\"https:\/\/agenciabrasil.ebc.com.br\/ebc.gif?id=1468218&amp;o=node\" \/><\/p>\n<h2>Reivindica\u00e7\u00f5es<\/h2>\n<p>Em\u00a0<a href=\"https:\/\/agenciabrasil.ebc.com.br\/economia\/noticia\/2022-03\/servidores-do-banco-central-anunciam-greve-partir-de-1o-de-abril\" target=\"_blank\" rel=\"noopener\">greve desde 1\u00ba de abril<\/a>, os funcion\u00e1rios do BC reivindicam a reposi\u00e7\u00e3o das perdas inflacion\u00e1rias nos \u00faltimos anos, que chegam a 27%. Eles tamb\u00e9m pedem a mudan\u00e7a da nomenclatura de analista para auditor e a exig\u00eancia de n\u00edvel superior para ingresso de t\u00e9cnicos no BC.<\/p>\n<p>Em 19 de abril, a categoria suspendeu a greve, mas\u00a0<a href=\"https:\/\/agenciabrasil.ebc.com.br\/geral\/noticia\/2022-04\/servidores-do-bc-retomam-greve-partir-de-terca-feira\" target=\"_blank\" rel=\"noopener\">retomou o movimento\u00a0<\/a>por tempo indeterminado desde 3 de maio. Desde ent\u00e3o, s\u00f3 servi\u00e7os considerados essenciais est\u00e3o sendo executados, como as reuni\u00f5es do Comit\u00ea de Pol\u00edtica Monet\u00e1ria (Copom) e a divulga\u00e7\u00e3o do d\u00e9ficit prim\u00e1rio no primeiro quadrimestre.<\/p>\n<p>A divulga\u00e7\u00e3o de estat\u00edsticas, como o boletim Focus (pesquisa semanal com institui\u00e7\u00f5es financeiras), o fluxo cambial, o Relat\u00f3rio de Poupan\u00e7a e a taxa Ptax di\u00e1ria (taxa m\u00e9dia de c\u00e2mbio que serve de refer\u00eancia para algumas negocia\u00e7\u00f5es), foi suspensa ou ocorre com bastante atraso. Projetos especiais, como a expans\u00e3o do open banking e a segunda fase de consultas de saques de valores esquecidos, est\u00e3o suspensos.<\/p>\n<p>Desde o in\u00edcio do ano, diversas categorias do funcionalismo federal trabalham em esquema de opera\u00e7\u00e3o padr\u00e3o ou fazem greve porque o Or\u00e7amento de 2022 destinou R$ 1,7 bilh\u00e3o para reajuste a for\u00e7as federais de seguran\u00e7a. No fim de abril, o governo confirmou que estudava aumento linear de 5% para todo o funcionalismo, mas, no in\u00edcio do m\u00eas, o ministro da Economia, Paulo Guedes,\u00a0<a href=\"https:\/\/agenciabrasil.ebc.com.br\/economia\/noticia\/2022-06\/ministro-diz-que-governo-nao-conseguira-dar-reajuste-servidores\" target=\"_blank\" rel=\"noopener\">descartou a concess\u00e3o de reajustes em 2022<\/a>.<\/p>\n<p><span style=\"font-weight: 400;\">Fonte: Ag\u00eancia Brasil <\/span><\/p>\n","protected":false},"excerpt":{"rendered":"<p>Em greve h\u00e1 quase tr\u00eas meses, os servidores do Banco Central (BC) manter\u00e3o o movimento at\u00e9 a pr\u00f3xima segunda-feira (4). Em assembleia, a categoria decidiu continuar parada at\u00e9 o \u00faltimo dia poss\u00edvel para a concess\u00e3o de aumentos salariais determinado pela Lei de Responsabilidade Fiscal. De acordo com o Sindicato Nacional de Funcion\u00e1rios do BC (Sinal), [&hellip;]<\/p>\n","protected":false},"author":246,"featured_media":200929,"comment_status":"closed","ping_status":"closed","sticky":false,"template":"","format":"standard","meta":{"footnotes":""},"categories":[436,261,439],"tags":[],"class_list":["post-200928","post","type-post","status-publish","format-standard","has-post-thumbnail","hentry","category-destaque-da-semana","category-economia","category-ultima-hora"],"_links":{"self":[{"href":"https:\/\/diarioregionaldigital.com.br\/index.php?rest_route=\/wp\/v2\/posts\/200928","targetHints":{"allow":["GET"]}}],"collection":[{"href":"https:\/\/diarioregionaldigital.com.br\/index.php?rest_route=\/wp\/v2\/posts"}],"about":[{"href":"https:\/\/diarioregionaldigital.com.br\/index.php?rest_route=\/wp\/v2\/types\/post"}],"author":[{"embeddable":true,"href":"https:\/\/diarioregionaldigital.com.br\/index.php?rest_route=\/wp\/v2\/users\/246"}],"replies":[{"embeddable":true,"href":"https:\/\/diarioregionaldigital.com.br\/index.php?rest_route=%2Fwp%2Fv2%2Fcomments&post=200928"}],"version-history":[{"count":1,"href":"https:\/\/diarioregionaldigital.com.br\/index.php?rest_route=\/wp\/v2\/posts\/200928\/revisions"}],"predecessor-version":[{"id":200930,"href":"https:\/\/diarioregionaldigital.com.br\/index.php?rest_route=\/wp\/v2\/posts\/200928\/revisions\/200930"}],"wp:featuredmedia":[{"embeddable":true,"href":"https:\/\/diarioregionaldigital.com.br\/index.php?rest_route=\/wp\/v2\/media\/200929"}],"wp:attachment":[{"href":"https:\/\/diarioregionaldigital.com.br\/index.php?rest_route=%2Fwp%2Fv2%2Fmedia&parent=200928"}],"wp:term":[{"taxonomy":"category","embeddable":true,"href":"https:\/\/diarioregionaldigital.com.br\/index.php?rest_route=%2Fwp%2Fv2%2Fcategories&post=200928"},{"taxonomy":"post_tag","embeddable":true,"href":"https:\/\/diarioregionaldigital.com.br\/index.php?rest_route=%2Fwp%2Fv2%2Ftags&post=200928"}],"curies":[{"name":"wp","href":"https:\/\/api.w.org\/{rel}","templated":true}]}}