{"id":200920,"date":"2022-06-29T19:15:33","date_gmt":"2022-06-29T22:15:33","guid":{"rendered":"https:\/\/diarioregionaldigital.com.br\/?p=200920"},"modified":"2022-06-29T19:15:33","modified_gmt":"2022-06-29T22:15:33","slug":"inflacao-pelo-igp-m-sobe-para-059-em-junho","status":"publish","type":"post","link":"https:\/\/diarioregionaldigital.com.br\/?p=200920","title":{"rendered":"Infla\u00e7\u00e3o pelo IGP-M sobe para 0,59% em junho"},"content":{"rendered":"<p>O\u00a0\u00cdndice Geral de Pre\u00e7os-Mercado (IGP-M)\u00a0registrou infla\u00e7\u00e3o de 0,59% em junho deste ano, percentual\u00a0 maior que o de maio: 0,52%. Segundo informou hoje (29), a Funda\u00e7\u00e3o Getulio Vargas (FGV), no Rio de Janeiro, com o resultado o indicador acumula 8,16% em 2022. Em 12 meses, o IGP-M \u00e9 de 10,70%, abaixo dos 35,75% acumulados em junho de 2021.<img decoding=\"async\" src=\"https:\/\/agenciabrasil.ebc.com.br\/ebc.png?id=1468275&amp;o=node\" \/><img decoding=\"async\" src=\"https:\/\/agenciabrasil.ebc.com.br\/ebc.gif?id=1468275&amp;o=node\" \/><\/p>\n<p>A alta do IGP-M de maio para junho foi puxada pelos pre\u00e7os no varejo e pelo custo da constru\u00e7\u00e3o.<\/p>\n<p>O \u00cdndice de Pre\u00e7os ao Consumidor (IPC), que mede o varejo, subiu de 0,35% em maio para 0,71% em junho. J\u00e1 o \u00cdndice Nacional de Custo da Constru\u00e7\u00e3o (INCC) passou de 1,49% para 2,81% no per\u00edodo.<\/p>\n<p>E o\u00a0\u00cdndice de Pre\u00e7os ao Produtor Amplo (IPA), que mede o atacado,\u00a0teve queda ao passar de 0,45% em maio para 0,30% em junho.<\/p>\n<p><span style=\"font-weight: 400;\"><br \/>\n<\/span><span style=\"font-weight: 400;\">Fonte: Ag\u00eancia Brasil <\/span><\/p>\n","protected":false},"excerpt":{"rendered":"<p>O\u00a0\u00cdndice Geral de Pre\u00e7os-Mercado (IGP-M)\u00a0registrou infla\u00e7\u00e3o de 0,59% em junho deste ano, percentual\u00a0 maior que o de maio: 0,52%. Segundo informou hoje (29), a Funda\u00e7\u00e3o Getulio Vargas (FGV), no Rio de Janeiro, com o resultado o indicador acumula 8,16% em 2022. Em 12 meses, o IGP-M \u00e9 de 10,70%, abaixo dos 35,75% acumulados em junho [&hellip;]<\/p>\n","protected":false},"author":246,"featured_media":200921,"comment_status":"closed","ping_status":"closed","sticky":false,"template":"","format":"standard","meta":{"footnotes":""},"categories":[436,261,439],"tags":[],"class_list":["post-200920","post","type-post","status-publish","format-standard","has-post-thumbnail","hentry","category-destaque-da-semana","category-economia","category-ultima-hora"],"_links":{"self":[{"href":"https:\/\/diarioregionaldigital.com.br\/index.php?rest_route=\/wp\/v2\/posts\/200920","targetHints":{"allow":["GET"]}}],"collection":[{"href":"https:\/\/diarioregionaldigital.com.br\/index.php?rest_route=\/wp\/v2\/posts"}],"about":[{"href":"https:\/\/diarioregionaldigital.com.br\/index.php?rest_route=\/wp\/v2\/types\/post"}],"author":[{"embeddable":true,"href":"https:\/\/diarioregionaldigital.com.br\/index.php?rest_route=\/wp\/v2\/users\/246"}],"replies":[{"embeddable":true,"href":"https:\/\/diarioregionaldigital.com.br\/index.php?rest_route=%2Fwp%2Fv2%2Fcomments&post=200920"}],"version-history":[{"count":2,"href":"https:\/\/diarioregionaldigital.com.br\/index.php?rest_route=\/wp\/v2\/posts\/200920\/revisions"}],"predecessor-version":[{"id":200923,"href":"https:\/\/diarioregionaldigital.com.br\/index.php?rest_route=\/wp\/v2\/posts\/200920\/revisions\/200923"}],"wp:featuredmedia":[{"embeddable":true,"href":"https:\/\/diarioregionaldigital.com.br\/index.php?rest_route=\/wp\/v2\/media\/200921"}],"wp:attachment":[{"href":"https:\/\/diarioregionaldigital.com.br\/index.php?rest_route=%2Fwp%2Fv2%2Fmedia&parent=200920"}],"wp:term":[{"taxonomy":"category","embeddable":true,"href":"https:\/\/diarioregionaldigital.com.br\/index.php?rest_route=%2Fwp%2Fv2%2Fcategories&post=200920"},{"taxonomy":"post_tag","embeddable":true,"href":"https:\/\/diarioregionaldigital.com.br\/index.php?rest_route=%2Fwp%2Fv2%2Ftags&post=200920"}],"curies":[{"name":"wp","href":"https:\/\/api.w.org\/{rel}","templated":true}]}}