{"id":200916,"date":"2022-06-29T19:14:08","date_gmt":"2022-06-29T22:14:08","guid":{"rendered":"https:\/\/diarioregionaldigital.com.br\/?p=200916"},"modified":"2022-06-29T19:14:08","modified_gmt":"2022-06-29T22:14:08","slug":"confianca-de-servicos-sobe-04-ponto-em-junho","status":"publish","type":"post","link":"https:\/\/diarioregionaldigital.com.br\/?p=200916","title":{"rendered":"Confian\u00e7a de servi\u00e7os sobe 0,4 ponto em junho"},"content":{"rendered":"<p>O\u00a0\u00cdndice de Confian\u00e7a de Servi\u00e7os (ICS), da Funda\u00e7\u00e3o Getulio Vargas (FGV), subiu 0,4 ponto\u00a0de maio\u00a0para junho deste ano. O ICS atingiu 98,7 pontos, em uma escala de 0 a 200, o maior patamar desde outubro de 2021 (99,1 pontos).<img decoding=\"async\" src=\"https:\/\/agenciabrasil.ebc.com.br\/ebc.png?id=1468272&amp;o=node\" \/><img decoding=\"async\" src=\"https:\/\/agenciabrasil.ebc.com.br\/ebc.gif?id=1468272&amp;o=node\" \/><\/p>\n<p>Cinco dos 13 segmentos dos servi\u00e7os pesquisados pela FGV apresentaram alta na confian\u00e7a.<\/p>\n<p>O \u00cdndice de Expectativas, que mede a confian\u00e7a do empresariado de\u00a0servi\u00e7os no futuro, subiu 0,8 ponto e atingiu 99,3. O \u00cdndice da Situa\u00e7\u00e3o Atual, que mede a percep\u00e7\u00e3o dos empres\u00e1rios sobre o presente, ficou est\u00e1vel em 98,1 pontos.<\/p>\n<p><span style=\"font-weight: 400;\">Fonte: Ag\u00eancia Brasil <\/span><\/p>\n","protected":false},"excerpt":{"rendered":"<p>O\u00a0\u00cdndice de Confian\u00e7a de Servi\u00e7os (ICS), da Funda\u00e7\u00e3o Getulio Vargas (FGV), subiu 0,4 ponto\u00a0de maio\u00a0para junho deste ano. O ICS atingiu 98,7 pontos, em uma escala de 0 a 200, o maior patamar desde outubro de 2021 (99,1 pontos). Cinco dos 13 segmentos dos servi\u00e7os pesquisados pela FGV apresentaram alta na confian\u00e7a. O \u00cdndice de [&hellip;]<\/p>\n","protected":false},"author":246,"featured_media":200917,"comment_status":"closed","ping_status":"closed","sticky":false,"template":"","format":"standard","meta":{"footnotes":""},"categories":[436,440,261,439],"tags":[],"class_list":["post-200916","post","type-post","status-publish","format-standard","has-post-thumbnail","hentry","category-destaque-da-semana","category-destaques-do-dia","category-economia","category-ultima-hora"],"_links":{"self":[{"href":"https:\/\/diarioregionaldigital.com.br\/index.php?rest_route=\/wp\/v2\/posts\/200916","targetHints":{"allow":["GET"]}}],"collection":[{"href":"https:\/\/diarioregionaldigital.com.br\/index.php?rest_route=\/wp\/v2\/posts"}],"about":[{"href":"https:\/\/diarioregionaldigital.com.br\/index.php?rest_route=\/wp\/v2\/types\/post"}],"author":[{"embeddable":true,"href":"https:\/\/diarioregionaldigital.com.br\/index.php?rest_route=\/wp\/v2\/users\/246"}],"replies":[{"embeddable":true,"href":"https:\/\/diarioregionaldigital.com.br\/index.php?rest_route=%2Fwp%2Fv2%2Fcomments&post=200916"}],"version-history":[{"count":2,"href":"https:\/\/diarioregionaldigital.com.br\/index.php?rest_route=\/wp\/v2\/posts\/200916\/revisions"}],"predecessor-version":[{"id":200919,"href":"https:\/\/diarioregionaldigital.com.br\/index.php?rest_route=\/wp\/v2\/posts\/200916\/revisions\/200919"}],"wp:featuredmedia":[{"embeddable":true,"href":"https:\/\/diarioregionaldigital.com.br\/index.php?rest_route=\/wp\/v2\/media\/200917"}],"wp:attachment":[{"href":"https:\/\/diarioregionaldigital.com.br\/index.php?rest_route=%2Fwp%2Fv2%2Fmedia&parent=200916"}],"wp:term":[{"taxonomy":"category","embeddable":true,"href":"https:\/\/diarioregionaldigital.com.br\/index.php?rest_route=%2Fwp%2Fv2%2Fcategories&post=200916"},{"taxonomy":"post_tag","embeddable":true,"href":"https:\/\/diarioregionaldigital.com.br\/index.php?rest_route=%2Fwp%2Fv2%2Ftags&post=200916"}],"curies":[{"name":"wp","href":"https:\/\/api.w.org\/{rel}","templated":true}]}}