{"id":200903,"date":"2022-06-28T20:24:20","date_gmt":"2022-06-28T23:24:20","guid":{"rendered":"https:\/\/diarioregionaldigital.com.br\/?p=200903"},"modified":"2022-06-28T20:24:20","modified_gmt":"2022-06-28T23:24:20","slug":"pjf-conclui-podas-de-arvores-na-avenida-itamar-franco","status":"publish","type":"post","link":"https:\/\/diarioregionaldigital.com.br\/?p=200903","title":{"rendered":"PJF conclui podas de \u00e1rvores na avenida Itamar Franco"},"content":{"rendered":"<p>A Prefeitura de Juiz de Fora (PJF) concluiu nesta segunda-feira, 27, os trabalhos de podas de \u00e1rvores na Avenida Presidente Itamar Franco. No total, mais de 120 \u00e1rvores passaram por manuten\u00e7\u00e3o higi\u00eanica que, al\u00e9m de auxiliar na preven\u00e7\u00e3o de acidentes e na qualidade de vida das esp\u00e9cies, melhora o aspecto dos arbustos e contribui na visibilidade da via.<\/p>\n<p>Segundo informa\u00e7\u00f5es do site da Prefeitura de Juiz de Fora (PJF), quem transita pela via j\u00e1 deve ter notado que n\u00e3o foram apenas as \u00e1rvores que receberam cuidados. O Programa Boniteza segue atuando em toda a extens\u00e3o da avenida na revitaliza\u00e7\u00e3o dos canteiros centrais. Os trabalhos incluem reforma dos vasos de plantas, manuten\u00e7\u00e3o das pedras portuguesas, pintura das guias e dos meios-fios e plantio de diversas qualidades de plantas ornamentais. A revitaliza\u00e7\u00e3o conta com o apoio de mulheres acauteladas do sistema prisional de Juiz de Fora.<\/p>\n<p><strong>As podas seguem pela cidade\u00a0<\/strong><\/p>\n<p>Ap\u00f3s finalizarem a Avenida Itamar Franco, as equipes de poda de \u00e1rvores da Empresa Municipal de Pavimenta\u00e7\u00e3o e Urbanidades (Empav) seguem com os trabalhos em toda a cidade. Nesta ter\u00e7a-feira, 28, foram realizadas manuten\u00e7\u00f5es em \u00e1rvores na rua das C\u00e1ssias, no bairro Maril\u00e2ndia, na Engenheiro Arnaldo Surerus de Oliveira (Cruzeiro de Santo Ant\u00f4nio), rua Queluz (Nossa Senhora das Gra\u00e7as), \u00c1lvaro Jos\u00e9 Rodrigues (Santos Dumont) e Rua Cust\u00f3dio Furtado de Souza, no bairro Teixeiras.<\/p>\n<p>Vale lembrar que a programa\u00e7\u00e3o completa das atividades realizadas pela Empav pode ser acompanhada diariamente atrav\u00e9s da p\u00e1gina do Gabinete de A\u00e7\u00e3o e Di\u00e1logo Comunit\u00e1rio, pelo<a href=\"https:\/\/www.pjf.mg.gov.br\/gabinetecomunitario\/#onde\">\u00a0link<\/a>.<\/p>\n<p>Todas as a\u00e7\u00f5es de reestrutura\u00e7\u00e3o, urbaniza\u00e7\u00e3o e zeladoria realizadas pela Empav fazem parte do Programa Boniteza. Estes e outros servi\u00e7os podem ser solicitados atrav\u00e9s do Gabinete de A\u00e7\u00e3o e Di\u00e1logo Comunit\u00e1rio, que recebe e organiza pedidos relativos a interven\u00e7\u00f5es e melhorias urbanas. O contato pode ser feito por liga\u00e7\u00e3o telef\u00f4nica, pelo n\u00famero (32) 3690-7241 ou, ainda, via WhatsApp, utilizando o mesmo n\u00famero.<\/p>\n","protected":false},"excerpt":{"rendered":"<p>A Prefeitura de Juiz de Fora (PJF) concluiu nesta segunda-feira, 27, os trabalhos de podas de \u00e1rvores na Avenida Presidente Itamar Franco. No total, mais de 120 \u00e1rvores passaram por manuten\u00e7\u00e3o higi\u00eanica que, al\u00e9m de auxiliar na preven\u00e7\u00e3o de acidentes e na qualidade de vida das esp\u00e9cies, melhora o aspecto dos arbustos e contribui na [&hellip;]<\/p>\n","protected":false},"author":246,"featured_media":200904,"comment_status":"closed","ping_status":"closed","sticky":false,"template":"","format":"standard","meta":{"footnotes":""},"categories":[253,436,439],"tags":[],"class_list":["post-200903","post","type-post","status-publish","format-standard","has-post-thumbnail","hentry","category-cidade","category-destaque-da-semana","category-ultima-hora"],"_links":{"self":[{"href":"https:\/\/diarioregionaldigital.com.br\/index.php?rest_route=\/wp\/v2\/posts\/200903","targetHints":{"allow":["GET"]}}],"collection":[{"href":"https:\/\/diarioregionaldigital.com.br\/index.php?rest_route=\/wp\/v2\/posts"}],"about":[{"href":"https:\/\/diarioregionaldigital.com.br\/index.php?rest_route=\/wp\/v2\/types\/post"}],"author":[{"embeddable":true,"href":"https:\/\/diarioregionaldigital.com.br\/index.php?rest_route=\/wp\/v2\/users\/246"}],"replies":[{"embeddable":true,"href":"https:\/\/diarioregionaldigital.com.br\/index.php?rest_route=%2Fwp%2Fv2%2Fcomments&post=200903"}],"version-history":[{"count":1,"href":"https:\/\/diarioregionaldigital.com.br\/index.php?rest_route=\/wp\/v2\/posts\/200903\/revisions"}],"predecessor-version":[{"id":200905,"href":"https:\/\/diarioregionaldigital.com.br\/index.php?rest_route=\/wp\/v2\/posts\/200903\/revisions\/200905"}],"wp:featuredmedia":[{"embeddable":true,"href":"https:\/\/diarioregionaldigital.com.br\/index.php?rest_route=\/wp\/v2\/media\/200904"}],"wp:attachment":[{"href":"https:\/\/diarioregionaldigital.com.br\/index.php?rest_route=%2Fwp%2Fv2%2Fmedia&parent=200903"}],"wp:term":[{"taxonomy":"category","embeddable":true,"href":"https:\/\/diarioregionaldigital.com.br\/index.php?rest_route=%2Fwp%2Fv2%2Fcategories&post=200903"},{"taxonomy":"post_tag","embeddable":true,"href":"https:\/\/diarioregionaldigital.com.br\/index.php?rest_route=%2Fwp%2Fv2%2Ftags&post=200903"}],"curies":[{"name":"wp","href":"https:\/\/api.w.org\/{rel}","templated":true}]}}