{"id":200900,"date":"2022-06-28T20:21:44","date_gmt":"2022-06-28T23:21:44","guid":{"rendered":"https:\/\/diarioregionaldigital.com.br\/?p=200900"},"modified":"2022-06-28T20:21:44","modified_gmt":"2022-06-28T23:21:44","slug":"tenda-da-diversidade-mobiliza-calcadao-no-dia-internacional-do-orgulho-lgbtqia","status":"publish","type":"post","link":"https:\/\/diarioregionaldigital.com.br\/?p=200900","title":{"rendered":"\u201cTenda da Diversidade\u201d mobiliza Cal\u00e7ad\u00e3o no Dia Internacional do Orgulho LGBTQIA+"},"content":{"rendered":"<p>Segundo informa\u00e7\u00f5es do site da Prefeitura de Juiz de Fora (PJF), foi celebrado pela PJF o Dia Internacional do Orgulho LGBTQIA+ com uma s\u00e9rie de atividades no Cal\u00e7ad\u00e3o da Rua Halfeld, no Centro, na tarde desta ter\u00e7a-feira, 28. Com o objetivo de dar visibilidade para esta parcela da popula\u00e7\u00e3o, foi montada a \u201cTenda da Diversidade\u201d em frente ao Cine-Theatro Central, que contou com rodas de conversa, distribui\u00e7\u00e3o de materiais informativos, apresenta\u00e7\u00f5es culturais e outras pr\u00e1ticas. Tamb\u00e9m participaram da a\u00e7\u00e3o a C\u00e2mara Municipal de Juiz de Fora, Casa da Mulher, Centro de Aten\u00e7\u00e3o ao Cidad\u00e3o (CAC), Centro Integrado de Atendimento \u00e0 Mulher (Ciam), Centro de Refer\u00eancia em Direitos Humanos (CDRH) e Centro de Refer\u00eancia LGBTQIA+ (CeR &#8211; Diverse).<\/p>\n<p>&nbsp;<\/p>\n<p>O secret\u00e1rio especial de Direitos Humanos da PJF, Biel Rocha, afirmou que o 28 de junho \u00e9 um dia para se fazer presente nas ruas e celebrar a diversidade LGBTQIA+. Trata-se de uma comunidade que, ao longo de muitos anos, vem sofrendo todo o tipo de preconceito e viol\u00eancia. Por isso, com a \u2018Tenda da Diversidade\u2019, queremos compartilhar com as pessoas a import\u00e2ncia do respeito e da solidariedade aos movimentos que lutam contra a discrimina\u00e7\u00e3o\u201d.<\/p>\n<p>&nbsp;<\/p>\n<p>Mulher trans, Georgia Luiza de Oliveira lembrou que a cidade tem tradi\u00e7\u00e3o em lidar com a diversidade e que a feira agora faz parte de um legado que remonta \u00e0 d\u00e9cada de 1970, quando ocorreram as primeiras edi\u00e7\u00f5es do Miss Brasil Gay no munic\u00edpio. \u201cEssa iniciativa da SEDH frisou a necessidade de inserir esse p\u00fablico dentro de um contexto social. Com pol\u00edticas que garantam direitos b\u00e1sicos, como o acesso ao mercado de trabalho, podemos reverter este cen\u00e1rio onde 90% das pessoas trans est\u00e3o na prostitui\u00e7\u00e3o e apenas 2% tem curso superior. Temos que trabalhar em cima disso, para que a pr\u00f3xima gera\u00e7\u00e3o ande de cabe\u00e7a erguida\u201d, ressaltou Georgia, que \u00e9 assessora da Casa da Mulher.<\/p>\n<p>&nbsp;<\/p>\n<p><strong>PJF avan\u00e7a nos direitos da popula\u00e7\u00e3o LGBTQIA+<\/strong><\/p>\n<p>&nbsp;<\/p>\n<p>O Brasil \u00e9 o pa\u00eds que mais discrimina e mata pessoas LGBTs no mundo, em especial, pessoas trans e travestis. Por isso, a Prefeitura tem investido em diversas a\u00e7\u00f5es voltadas para a conscientiza\u00e7\u00e3o da sociedade e garantia dos direitos desta parcela da popula\u00e7\u00e3o.\u00a0<strong>Confira abaixo algumas delas:<\/strong><\/p>\n<p>&nbsp;<\/p>\n<p>&#8211; Em janeiro de 2021, a PJF assinou o\u00a0<a href=\"https:\/\/www.pjf.mg.gov.br\/e_atos\/e_atos_vis.php?id=81600\"><strong>decreto n\u00ba 14.291<\/strong><\/a>, que considera como nome social a designa\u00e7\u00e3o pela qual travestis, mulheres transexuais e homens trans se reconhecem, sem rela\u00e7\u00e3o necess\u00e1ria com o sexo atribu\u00eddo no nascimento. Assim, o nome social passa a constar nos documentos oficiais, caso requerido pelo interessado, devendo ser amplamente respeitado;<\/p>\n<p>&nbsp;<\/p>\n<p>&#8211; J\u00e1 em novembro de 2021, a PJF lan\u00e7ou o\u00a0<a href=\"https:\/\/www.pjf.mg.gov.br\/noticias\/view.php?modo=link2&amp;idnoticia2=73228#:~:text=Mulheres%20l%C3%A9sbicas%2C%20bissexuais%20e%20trans,Avenida%20Garibaldi%20Campinhos%2C%20169).\"><strong>\u201cPonto de Acolhimento da Sa\u00fade para Mulheres L\u00e9sbicas, Bissexuais e Trans\u201d<\/strong><\/a>. O espa\u00e7o funciona na Casa da Mulher, contando com uma profissional capacitada para fazer o primeiro atendimento e, na sequ\u00eancia, os encaminhamentos adequados. Quando necess\u00e1rio, as acolhidas s\u00e3o encaminhadas para o Departamento de Sa\u00fade da Mulher da Secretaria de Sa\u00fade (SS) para exames ginecol\u00f3gicos preventivos, processo de hormoniza\u00e7\u00e3o, entre outros servi\u00e7os;<\/p>\n<p>&#8211; No dia 28 de janeiro de 2022 foi publicado o\u00a0<a href=\"https:\/\/www.pjf.mg.gov.br\/e_atos\/e_atos_vis.php?id=91549\"><strong>decreto n.\u00ba 14.997<\/strong><\/a>\u00a0que aprovou o Plano Municipal de Promo\u00e7\u00e3o e Defesa dos Direitos da Popula\u00e7\u00e3o LGBTQIA+. Tamb\u00e9m est\u00e1 em tramita\u00e7\u00e3o na C\u00e2mara Municipal a mensagem do Executivo que institui o Conselho Municipal de Promo\u00e7\u00e3o e Defesa dos Direitos Humanos da Popula\u00e7\u00e3o LGBTQIA+. O objetivo \u00e9 garantir pol\u00edticas p\u00fablicas de inclus\u00e3o social e combater desigualdades e discrimina\u00e7\u00f5es contra esta parte da popula\u00e7\u00e3o;<\/p>\n<p>&#8211; Al\u00e9m disso, tamb\u00e9m foi criado pela Funda\u00e7\u00e3o Cultural Alfredo Ferreira Lage (Funalfa) o Edital Fernanda Muller de Cultura Trans. Em 2021, a iniciativa disponibilizou R$ 200 mil para projetos que fomentam a\u00e7\u00f5es art\u00edsticas da comunidade transg\u00eanera, travesti, n\u00e3o-bin\u00e1ria,\u00a0<em>queer<\/em>, ag\u00eanero, incluindo artistas cis que performam\u00a0<em>drag queen<\/em>\u00a0ou\u00a0<em>king<\/em>. Um dos frutos do edital \u00e9 o\u00a0<a href=\"https:\/\/www.pjf.mg.gov.br\/noticias\/view.php?modo=link2&amp;idnoticia2=75802\"><strong>document\u00e1rio \u201cTynna\u201d<\/strong><\/a>, que ser\u00e1 lan\u00e7ado nesta ter\u00e7a, \u00e0s 20h, no Teatro Paschoal Carlos Magno (Rua Gilberto de Alencar, 1, Centro).<\/p>\n","protected":false},"excerpt":{"rendered":"<p>Segundo informa\u00e7\u00f5es do site da Prefeitura de Juiz de Fora (PJF), foi celebrado pela PJF o Dia Internacional do Orgulho LGBTQIA+ com uma s\u00e9rie de atividades no Cal\u00e7ad\u00e3o da Rua Halfeld, no Centro, na tarde desta ter\u00e7a-feira, 28. Com o objetivo de dar visibilidade para esta parcela da popula\u00e7\u00e3o, foi montada a \u201cTenda da Diversidade\u201d [&hellip;]<\/p>\n","protected":false},"author":246,"featured_media":200901,"comment_status":"closed","ping_status":"closed","sticky":false,"template":"","format":"standard","meta":{"footnotes":""},"categories":[253,436,439],"tags":[],"class_list":["post-200900","post","type-post","status-publish","format-standard","has-post-thumbnail","hentry","category-cidade","category-destaque-da-semana","category-ultima-hora"],"_links":{"self":[{"href":"https:\/\/diarioregionaldigital.com.br\/index.php?rest_route=\/wp\/v2\/posts\/200900","targetHints":{"allow":["GET"]}}],"collection":[{"href":"https:\/\/diarioregionaldigital.com.br\/index.php?rest_route=\/wp\/v2\/posts"}],"about":[{"href":"https:\/\/diarioregionaldigital.com.br\/index.php?rest_route=\/wp\/v2\/types\/post"}],"author":[{"embeddable":true,"href":"https:\/\/diarioregionaldigital.com.br\/index.php?rest_route=\/wp\/v2\/users\/246"}],"replies":[{"embeddable":true,"href":"https:\/\/diarioregionaldigital.com.br\/index.php?rest_route=%2Fwp%2Fv2%2Fcomments&post=200900"}],"version-history":[{"count":1,"href":"https:\/\/diarioregionaldigital.com.br\/index.php?rest_route=\/wp\/v2\/posts\/200900\/revisions"}],"predecessor-version":[{"id":200902,"href":"https:\/\/diarioregionaldigital.com.br\/index.php?rest_route=\/wp\/v2\/posts\/200900\/revisions\/200902"}],"wp:featuredmedia":[{"embeddable":true,"href":"https:\/\/diarioregionaldigital.com.br\/index.php?rest_route=\/wp\/v2\/media\/200901"}],"wp:attachment":[{"href":"https:\/\/diarioregionaldigital.com.br\/index.php?rest_route=%2Fwp%2Fv2%2Fmedia&parent=200900"}],"wp:term":[{"taxonomy":"category","embeddable":true,"href":"https:\/\/diarioregionaldigital.com.br\/index.php?rest_route=%2Fwp%2Fv2%2Fcategories&post=200900"},{"taxonomy":"post_tag","embeddable":true,"href":"https:\/\/diarioregionaldigital.com.br\/index.php?rest_route=%2Fwp%2Fv2%2Ftags&post=200900"}],"curies":[{"name":"wp","href":"https:\/\/api.w.org\/{rel}","templated":true}]}}