{"id":200896,"date":"2022-06-28T20:19:24","date_gmt":"2022-06-28T23:19:24","guid":{"rendered":"https:\/\/diarioregionaldigital.com.br\/?p=200896"},"modified":"2022-06-28T20:19:24","modified_gmt":"2022-06-28T23:19:24","slug":"rodoviaria-ganha-novo-visual-com-fotos-de-juiz-de-fora","status":"publish","type":"post","link":"https:\/\/diarioregionaldigital.com.br\/?p=200896","title":{"rendered":"Rodovi\u00e1ria ganha novo visual com fotos de Juiz de Fora"},"content":{"rendered":"<p>Segundo informa\u00e7\u00f5es do site da Prefeitura de Juiz de Fora (PJF), est\u00e1 sendo realizado pela PJF\u00a0 um novo visual do Terminal Rodovi\u00e1rio Miguel Mansur. Foram instalados 36 pain\u00e9is com fotos mostrando atrativos tur\u00edsticos de Juiz de Fora. Mesmo sem pegar um \u00f4nibus, as pessoas podem \u201cviajar\u201d pela hist\u00f3ria da cidade e todas as suas oportunidades de cultura, lazer e turismo.<\/p>\n<p>&nbsp;<\/p>\n<p>A iniciativa tem o objetivo de fazer com que os usu\u00e1rios da rodovi\u00e1ria, especialmente os de outras cidades, possam se sensibilizar com a mostra fotogr\u00e1fica e decidirem por usufruir da cultura, do lazer e fazer um turismo pelos diversos pontos de Juiz de Fora.<\/p>\n<p>&nbsp;<\/p>\n<p>Existem pain\u00e9is com fotos do ic\u00f4nico Museu Mariano Proc\u00f3pio, Museu de Arte Murilo Mendes, Museu Ferrovi\u00e1rio, Cine-Theatro Central, Pa\u00e7o Municipal, Universidade Federal de Juiz de Fora (UFJF), al\u00e9m do Parque da Lajinha, Parque Municipal, Parque Halfeld, Jardim Bot\u00e2nico da UFJF, Mirante S\u00e3o Bernardo, Mirante da BR-040, e ainda das tradicionais galerias comerciais do Centro da cidade.<\/p>\n","protected":false},"excerpt":{"rendered":"<p>Segundo informa\u00e7\u00f5es do site da Prefeitura de Juiz de Fora (PJF), est\u00e1 sendo realizado pela PJF\u00a0 um novo visual do Terminal Rodovi\u00e1rio Miguel Mansur. Foram instalados 36 pain\u00e9is com fotos mostrando atrativos tur\u00edsticos de Juiz de Fora. Mesmo sem pegar um \u00f4nibus, as pessoas podem \u201cviajar\u201d pela hist\u00f3ria da cidade e todas as suas oportunidades [&hellip;]<\/p>\n","protected":false},"author":246,"featured_media":200897,"comment_status":"closed","ping_status":"closed","sticky":false,"template":"","format":"standard","meta":{"footnotes":""},"categories":[253,436,439],"tags":[],"class_list":["post-200896","post","type-post","status-publish","format-standard","has-post-thumbnail","hentry","category-cidade","category-destaque-da-semana","category-ultima-hora"],"_links":{"self":[{"href":"https:\/\/diarioregionaldigital.com.br\/index.php?rest_route=\/wp\/v2\/posts\/200896","targetHints":{"allow":["GET"]}}],"collection":[{"href":"https:\/\/diarioregionaldigital.com.br\/index.php?rest_route=\/wp\/v2\/posts"}],"about":[{"href":"https:\/\/diarioregionaldigital.com.br\/index.php?rest_route=\/wp\/v2\/types\/post"}],"author":[{"embeddable":true,"href":"https:\/\/diarioregionaldigital.com.br\/index.php?rest_route=\/wp\/v2\/users\/246"}],"replies":[{"embeddable":true,"href":"https:\/\/diarioregionaldigital.com.br\/index.php?rest_route=%2Fwp%2Fv2%2Fcomments&post=200896"}],"version-history":[{"count":2,"href":"https:\/\/diarioregionaldigital.com.br\/index.php?rest_route=\/wp\/v2\/posts\/200896\/revisions"}],"predecessor-version":[{"id":200899,"href":"https:\/\/diarioregionaldigital.com.br\/index.php?rest_route=\/wp\/v2\/posts\/200896\/revisions\/200899"}],"wp:featuredmedia":[{"embeddable":true,"href":"https:\/\/diarioregionaldigital.com.br\/index.php?rest_route=\/wp\/v2\/media\/200897"}],"wp:attachment":[{"href":"https:\/\/diarioregionaldigital.com.br\/index.php?rest_route=%2Fwp%2Fv2%2Fmedia&parent=200896"}],"wp:term":[{"taxonomy":"category","embeddable":true,"href":"https:\/\/diarioregionaldigital.com.br\/index.php?rest_route=%2Fwp%2Fv2%2Fcategories&post=200896"},{"taxonomy":"post_tag","embeddable":true,"href":"https:\/\/diarioregionaldigital.com.br\/index.php?rest_route=%2Fwp%2Fv2%2Ftags&post=200896"}],"curies":[{"name":"wp","href":"https:\/\/api.w.org\/{rel}","templated":true}]}}