{"id":200893,"date":"2022-06-28T20:15:27","date_gmt":"2022-06-28T23:15:27","guid":{"rendered":"https:\/\/diarioregionaldigital.com.br\/?p=200893"},"modified":"2022-06-28T20:15:27","modified_gmt":"2022-06-28T23:15:27","slug":"juiz-de-fora-ja-criou-1-683-empregos-em-2022","status":"publish","type":"post","link":"https:\/\/diarioregionaldigital.com.br\/?p=200893","title":{"rendered":"Juiz de Fora j\u00e1 criou 1.683 empregos em 2022"},"content":{"rendered":"<p>Segundo informa\u00e7\u00f5es do site da Prefeitura de Juiz de Fora (PJF), um total de 746 novos postos de trabalho foram criados em Juiz de Fora, em maio de 2022. O dado \u00e9 do Cadastro Geral de Empregados e Desempregados (Caged), divulgado nesta ter\u00e7a-feira, 28, pelo Minist\u00e9rio da Economia. O saldo positivo \u00e9 a diferen\u00e7a entre o total de 5334 admiss\u00f5es e 4588 desligamentos realizados no per\u00edodo, sendo o segundo melhor resultado do ano, atr\u00e1s, apenas, de fevereiro, quando foram gerados 1.072 novos empregos na cidade.<br \/>\nEm rela\u00e7\u00e3o ao m\u00eas anterior, quando o saldo foi de 422, houve um crescimento de 43,43%, percentual maior do que o registrado em Minas e no Brasil, de 33,04% e 28,73%, respectivamente. O estoque de empregos no munic\u00edpio fechou o m\u00eas em 137.404, aumento de 0,54% em rela\u00e7\u00e3o ao m\u00eas de abril, quando o total de v\u00ednculos celetistas era de 136.658. Em 2022, j\u00e1 foram criados 1.683 novos empregos na cidade, diferen\u00e7a entre o total de admiss\u00f5es e desligamentos do ano.<br \/>\nEm maio, o resultado positivo foi impulsionado pelo setor de Servi\u00e7os, no qual foram criados 430 empregos, a maior parte, de trabalhadores das \u00e1reas de Informa\u00e7\u00e3o, Comunica\u00e7\u00e3o e atividades financeiras, imobili\u00e1rias, profissionais e administrativas (235 postos). Constru\u00e7\u00e3o Civil, Com\u00e9rcio e Agropecu\u00e1ria tamb\u00e9m tiveram saldos positivos, de 191, 122 e 2 postos, respectivamente. J\u00e1 na Ind\u00fastria, as demiss\u00f5es superaram as contrata\u00e7\u00f5es, gerando saldo de -3 postos.<br \/>\nNo estoque de Juiz de Fora, a maioria dos v\u00ednculos de carteira assinada s\u00e3o do setor de Servi\u00e7os (77.299); seguido por Com\u00e9rcio (32.260); Ind\u00fastria (18.734); Constru\u00e7\u00e3o Civil (8.127) e Agropecu\u00e1ria (984). Do saldo gerado em maio, a maior parte dos postos foram ocupados por homens (437). Um total de 553 profissionais empregados possuem Ensino M\u00e9dio completo, na faixa dos 18 a 24 anos (442).<br \/>\n<strong>Minas e Brasil<\/strong><br \/>\nEm maio, Minas Gerais teve saldo positivo de 29.970\u00a0 empregos gerados e o total de v\u00ednculos celetistas chegou a 4.415.689 . J\u00e1 no Brasil, o resultado no m\u00eas foi de 277.018\u00a0 novos postos. O estoque \u00e9 de 41.729.858.<\/p>\n","protected":false},"excerpt":{"rendered":"<p>Segundo informa\u00e7\u00f5es do site da Prefeitura de Juiz de Fora (PJF), um total de 746 novos postos de trabalho foram criados em Juiz de Fora, em maio de 2022. O dado \u00e9 do Cadastro Geral de Empregados e Desempregados (Caged), divulgado nesta ter\u00e7a-feira, 28, pelo Minist\u00e9rio da Economia. O saldo positivo \u00e9 a diferen\u00e7a entre [&hellip;]<\/p>\n","protected":false},"author":246,"featured_media":200894,"comment_status":"closed","ping_status":"closed","sticky":false,"template":"","format":"standard","meta":{"footnotes":""},"categories":[253,436,440,439],"tags":[],"class_list":["post-200893","post","type-post","status-publish","format-standard","has-post-thumbnail","hentry","category-cidade","category-destaque-da-semana","category-destaques-do-dia","category-ultima-hora"],"_links":{"self":[{"href":"https:\/\/diarioregionaldigital.com.br\/index.php?rest_route=\/wp\/v2\/posts\/200893","targetHints":{"allow":["GET"]}}],"collection":[{"href":"https:\/\/diarioregionaldigital.com.br\/index.php?rest_route=\/wp\/v2\/posts"}],"about":[{"href":"https:\/\/diarioregionaldigital.com.br\/index.php?rest_route=\/wp\/v2\/types\/post"}],"author":[{"embeddable":true,"href":"https:\/\/diarioregionaldigital.com.br\/index.php?rest_route=\/wp\/v2\/users\/246"}],"replies":[{"embeddable":true,"href":"https:\/\/diarioregionaldigital.com.br\/index.php?rest_route=%2Fwp%2Fv2%2Fcomments&post=200893"}],"version-history":[{"count":1,"href":"https:\/\/diarioregionaldigital.com.br\/index.php?rest_route=\/wp\/v2\/posts\/200893\/revisions"}],"predecessor-version":[{"id":200895,"href":"https:\/\/diarioregionaldigital.com.br\/index.php?rest_route=\/wp\/v2\/posts\/200893\/revisions\/200895"}],"wp:featuredmedia":[{"embeddable":true,"href":"https:\/\/diarioregionaldigital.com.br\/index.php?rest_route=\/wp\/v2\/media\/200894"}],"wp:attachment":[{"href":"https:\/\/diarioregionaldigital.com.br\/index.php?rest_route=%2Fwp%2Fv2%2Fmedia&parent=200893"}],"wp:term":[{"taxonomy":"category","embeddable":true,"href":"https:\/\/diarioregionaldigital.com.br\/index.php?rest_route=%2Fwp%2Fv2%2Fcategories&post=200893"},{"taxonomy":"post_tag","embeddable":true,"href":"https:\/\/diarioregionaldigital.com.br\/index.php?rest_route=%2Fwp%2Fv2%2Ftags&post=200893"}],"curies":[{"name":"wp","href":"https:\/\/api.w.org\/{rel}","templated":true}]}}