{"id":200887,"date":"2022-06-28T19:55:45","date_gmt":"2022-06-28T22:55:45","guid":{"rendered":"https:\/\/diarioregionaldigital.com.br\/?p=200887"},"modified":"2022-06-28T19:55:45","modified_gmt":"2022-06-28T22:55:45","slug":"serie-b-operario-bate-chapecoense-por-2-a-1-na-abertura-da-15a-rodada","status":"publish","type":"post","link":"https:\/\/diarioregionaldigital.com.br\/?p=200887","title":{"rendered":"S\u00e9rie B: Oper\u00e1rio bate Chapecoense por 2 a 1 na abertura da 15\u00aa rodada"},"content":{"rendered":"<p>O Oper\u00e1rio-PR derrotou a Chapecoense por 2 a 1, na noite desta segunda-feira (27) no est\u00e1dio Germano Kr\u00fcger, em uma das partidas que abriram a 15\u00aa rodada da S\u00e9rie B do Campeonato Brasileiro.<img decoding=\"async\" src=\"https:\/\/agenciabrasil.ebc.com.br\/ebc.png?id=1468023&amp;o=node\" \/><img decoding=\"async\" src=\"https:\/\/agenciabrasil.ebc.com.br\/ebc.gif?id=1468023&amp;o=node\" \/><\/p>\n<p>Com este resultado, o Fantasma subiu para a 8\u00aa posi\u00e7\u00e3o da classifica\u00e7\u00e3o com 19 pontos, enquanto o Verd\u00e3o do Oeste ficou na 14\u00aa coloca\u00e7\u00e3o com 15 pontos.<\/p>\n<p>Jogando em casa, o Oper\u00e1rio foi melhor no primeiro tempo e abriu o placar com Willian Machado e ampliou com J\u00fanior Brand\u00e3o. Na etapa final Chrystian descontou para a Chapecoense, mas o placar ficou mesmo em 2 a 1.<\/p>\n<h2>Vit\u00f3ria no Castel\u00e3o<\/h2>\n<p>No outro jogo que abriu a rodada, o Sampaio Corr\u00eaa bateu o CSA no Castel\u00e3o com gols de Ygor Catatau e Gabriel Poveda.<\/p>\n<p><span style=\"font-weight: 400;\">Fonte: Ag\u00eancia Brasil <\/span><\/p>\n","protected":false},"excerpt":{"rendered":"<p>O Oper\u00e1rio-PR derrotou a Chapecoense por 2 a 1, na noite desta segunda-feira (27) no est\u00e1dio Germano Kr\u00fcger, em uma das partidas que abriram a 15\u00aa rodada da S\u00e9rie B do Campeonato Brasileiro. Com este resultado, o Fantasma subiu para a 8\u00aa posi\u00e7\u00e3o da classifica\u00e7\u00e3o com 19 pontos, enquanto o Verd\u00e3o do Oeste ficou na [&hellip;]<\/p>\n","protected":false},"author":246,"featured_media":200888,"comment_status":"closed","ping_status":"closed","sticky":false,"template":"","format":"standard","meta":{"footnotes":""},"categories":[436,257,439],"tags":[],"class_list":["post-200887","post","type-post","status-publish","format-standard","has-post-thumbnail","hentry","category-destaque-da-semana","category-esporte","category-ultima-hora"],"_links":{"self":[{"href":"https:\/\/diarioregionaldigital.com.br\/index.php?rest_route=\/wp\/v2\/posts\/200887","targetHints":{"allow":["GET"]}}],"collection":[{"href":"https:\/\/diarioregionaldigital.com.br\/index.php?rest_route=\/wp\/v2\/posts"}],"about":[{"href":"https:\/\/diarioregionaldigital.com.br\/index.php?rest_route=\/wp\/v2\/types\/post"}],"author":[{"embeddable":true,"href":"https:\/\/diarioregionaldigital.com.br\/index.php?rest_route=\/wp\/v2\/users\/246"}],"replies":[{"embeddable":true,"href":"https:\/\/diarioregionaldigital.com.br\/index.php?rest_route=%2Fwp%2Fv2%2Fcomments&post=200887"}],"version-history":[{"count":1,"href":"https:\/\/diarioregionaldigital.com.br\/index.php?rest_route=\/wp\/v2\/posts\/200887\/revisions"}],"predecessor-version":[{"id":200889,"href":"https:\/\/diarioregionaldigital.com.br\/index.php?rest_route=\/wp\/v2\/posts\/200887\/revisions\/200889"}],"wp:featuredmedia":[{"embeddable":true,"href":"https:\/\/diarioregionaldigital.com.br\/index.php?rest_route=\/wp\/v2\/media\/200888"}],"wp:attachment":[{"href":"https:\/\/diarioregionaldigital.com.br\/index.php?rest_route=%2Fwp%2Fv2%2Fmedia&parent=200887"}],"wp:term":[{"taxonomy":"category","embeddable":true,"href":"https:\/\/diarioregionaldigital.com.br\/index.php?rest_route=%2Fwp%2Fv2%2Fcategories&post=200887"},{"taxonomy":"post_tag","embeddable":true,"href":"https:\/\/diarioregionaldigital.com.br\/index.php?rest_route=%2Fwp%2Fv2%2Ftags&post=200887"}],"curies":[{"name":"wp","href":"https:\/\/api.w.org\/{rel}","templated":true}]}}