{"id":200883,"date":"2022-06-28T19:54:19","date_gmt":"2022-06-28T22:54:19","guid":{"rendered":"https:\/\/diarioregionaldigital.com.br\/?p=200883"},"modified":"2022-06-28T19:54:19","modified_gmt":"2022-06-28T22:54:19","slug":"athletico-pr-apresenta-oficialmente-o-volante-fernandinho","status":"publish","type":"post","link":"https:\/\/diarioregionaldigital.com.br\/?p=200883","title":{"rendered":"Athletico-PR apresenta oficialmente o volante Fernandinho"},"content":{"rendered":"<p>O Athletico-PR apresentou oficialmente nesta segunda-feira (27) o volante Fernandinho. E o meio-campista, que estava no Manchester City (Inglaterra), chegou afirmando que pretende encerrar a carreira no Furac\u00e3o.<img decoding=\"async\" src=\"https:\/\/agenciabrasil.ebc.com.br\/ebc.png?id=1468017&amp;o=node\" \/><img decoding=\"async\" src=\"https:\/\/agenciabrasil.ebc.com.br\/ebc.gif?id=1468017&amp;o=node\" \/><\/p>\n<p>\u201c\u00c9 uma tarde especial para a nossa institui\u00e7\u00e3o. O Fernandinho est\u00e1 realizando um sonho do Athletico-PR. Mantivamos contato por todos estes anos, desde que ele foi muito cedo, vendido para o Shakhtar [Ucr\u00e2nia]. Acompanhamos a sua carreira espetacular\u201d, disse o presidente do Furac\u00e3o, Mario Celso Petraglia.<\/p>\n<p>\u201cEstou realizando um sonho, um desejo pessoal, de voltar ao Athletico-PR. Encerrarei minha carreira jogando apenas por tr\u00eas clubes, dois na Europa e um no Brasil. O cora\u00e7\u00e3o falou mais forte neste momento. Tivemos propostas de muitos clubes de todo o mundo, mas a decis\u00e3o mais sensata era voltar para casa\u201d, disse Fernandinho, que vestir\u00e1 a camisa 5 da equipe do Paran\u00e1.<\/p>\n<h2>Carreira<\/h2>\n<p>O Athletico-PR foi a primeira equipe profissional de Fernandinho. Pelo Furac\u00e3o o jogador disputou 105 jogos como profissional, marcando 22 gols e conquistando o t\u00edtulo do Campeonato Paranaense de 2005.<\/p>\n<p>Depois o meio-campista defendeu o Shakhtar Donetsk, entre 2005 e 2013, e o Manchester City, entre 2013 e 2022. Al\u00e9m disso, defendeu a sele\u00e7\u00e3o brasileira principal em 53 partidas, conquistando a Copa Am\u00e9rica de 2019.<\/p>\n<p><span style=\"font-weight: 400;\">Fonte: Ag\u00eancia Brasil <\/span><\/p>\n","protected":false},"excerpt":{"rendered":"<p>O Athletico-PR apresentou oficialmente nesta segunda-feira (27) o volante Fernandinho. E o meio-campista, que estava no Manchester City (Inglaterra), chegou afirmando que pretende encerrar a carreira no Furac\u00e3o. \u201c\u00c9 uma tarde especial para a nossa institui\u00e7\u00e3o. O Fernandinho est\u00e1 realizando um sonho do Athletico-PR. Mantivamos contato por todos estes anos, desde que ele foi muito [&hellip;]<\/p>\n","protected":false},"author":246,"featured_media":200884,"comment_status":"closed","ping_status":"closed","sticky":false,"template":"","format":"standard","meta":{"footnotes":""},"categories":[436,257,439],"tags":[],"class_list":["post-200883","post","type-post","status-publish","format-standard","has-post-thumbnail","hentry","category-destaque-da-semana","category-esporte","category-ultima-hora"],"_links":{"self":[{"href":"https:\/\/diarioregionaldigital.com.br\/index.php?rest_route=\/wp\/v2\/posts\/200883","targetHints":{"allow":["GET"]}}],"collection":[{"href":"https:\/\/diarioregionaldigital.com.br\/index.php?rest_route=\/wp\/v2\/posts"}],"about":[{"href":"https:\/\/diarioregionaldigital.com.br\/index.php?rest_route=\/wp\/v2\/types\/post"}],"author":[{"embeddable":true,"href":"https:\/\/diarioregionaldigital.com.br\/index.php?rest_route=\/wp\/v2\/users\/246"}],"replies":[{"embeddable":true,"href":"https:\/\/diarioregionaldigital.com.br\/index.php?rest_route=%2Fwp%2Fv2%2Fcomments&post=200883"}],"version-history":[{"count":2,"href":"https:\/\/diarioregionaldigital.com.br\/index.php?rest_route=\/wp\/v2\/posts\/200883\/revisions"}],"predecessor-version":[{"id":200886,"href":"https:\/\/diarioregionaldigital.com.br\/index.php?rest_route=\/wp\/v2\/posts\/200883\/revisions\/200886"}],"wp:featuredmedia":[{"embeddable":true,"href":"https:\/\/diarioregionaldigital.com.br\/index.php?rest_route=\/wp\/v2\/media\/200884"}],"wp:attachment":[{"href":"https:\/\/diarioregionaldigital.com.br\/index.php?rest_route=%2Fwp%2Fv2%2Fmedia&parent=200883"}],"wp:term":[{"taxonomy":"category","embeddable":true,"href":"https:\/\/diarioregionaldigital.com.br\/index.php?rest_route=%2Fwp%2Fv2%2Fcategories&post=200883"},{"taxonomy":"post_tag","embeddable":true,"href":"https:\/\/diarioregionaldigital.com.br\/index.php?rest_route=%2Fwp%2Fv2%2Ftags&post=200883"}],"curies":[{"name":"wp","href":"https:\/\/api.w.org\/{rel}","templated":true}]}}