{"id":200879,"date":"2022-06-28T19:52:24","date_gmt":"2022-06-28T22:52:24","guid":{"rendered":"https:\/\/diarioregionaldigital.com.br\/?p=200879"},"modified":"2022-06-28T19:52:24","modified_gmt":"2022-06-28T22:52:24","slug":"pan-de-ginastica-de-trampolim-brasil-alcanca-finais-no-sincronizado","status":"publish","type":"post","link":"https:\/\/diarioregionaldigital.com.br\/?p=200879","title":{"rendered":"Pan de Gin\u00e1stica de Trampolim: Brasil alcan\u00e7a finais no sincronizado"},"content":{"rendered":"<p>O Brasil se classificou nesta segunda-feira (27) para as finais do trampolim sincronizado do Campeonato Pan-Americano de Gin\u00e1stica de Trampolim, que come\u00e7ou no \u00faltimo domingo (26) na Arena 1 do Parque Ol\u00edmpico da Barra, no\u00a0 Rio de Janeiro.<img decoding=\"async\" src=\"https:\/\/agenciabrasil.ebc.com.br\/ebc.png?id=1467973&amp;o=node\" \/><img decoding=\"async\" src=\"https:\/\/agenciabrasil.ebc.com.br\/ebc.gif?id=1467973&amp;o=node\" \/><\/p>\n<p>O destaque foi a dupla formada por Camilla Gomes e Alice Hellen, que se credenciou para a decis\u00e3o na primeira coloca\u00e7\u00e3o com a nota de 47.780 pontos. As brasileiras, que j\u00e1 foram medalhistas na Copa do Mundo e l\u00edderes do ranking da FIG (Federa\u00e7\u00e3o Internacional de Gin\u00e1stica), chegam com amplo favoritismo para a disputa.<\/p>\n<p>\u201cViemos fazer o nosso melhor e conseguimos, tanto ontem quanto hoje. Para amanh\u00e3 [ter\u00e7a-feira] esperamos o mesmo: fazer o nosso melhor para conseguir uma medalha para o Brasil. Sabemos o quanto esse resultado \u00e9 importante para todos\u201d, declarou Alice.<\/p>\n<p>J\u00e1 no masculino o Brasil alcan\u00e7ou a final com a quinta melhor nota (46.420 pontos), obtida por Lucas Junio Tobias e Gabriel Miranda.<\/p>\n<p>As finais do Campeonato Pan-Americano de Gin\u00e1stica de Trampolim ser\u00e3o disputadas a partir das 9h (hor\u00e1rio de Bras\u00edlia) da pr\u00f3xima ter\u00e7a-feira (28). A competi\u00e7\u00e3o pode ser acompanhada pelo\u00a0<a href=\"https:\/\/www.canalolimpicodobrasil.com.br\/\">Canal Ol\u00edmpico do Brasil<\/a>.<\/p>\n<p><span style=\"font-weight: 400;\">Fonte: Ag\u00eancia Brasil <\/span><\/p>\n","protected":false},"excerpt":{"rendered":"<p>O Brasil se classificou nesta segunda-feira (27) para as finais do trampolim sincronizado do Campeonato Pan-Americano de Gin\u00e1stica de Trampolim, que come\u00e7ou no \u00faltimo domingo (26) na Arena 1 do Parque Ol\u00edmpico da Barra, no\u00a0 Rio de Janeiro. O destaque foi a dupla formada por Camilla Gomes e Alice Hellen, que se credenciou para a [&hellip;]<\/p>\n","protected":false},"author":246,"featured_media":200880,"comment_status":"closed","ping_status":"closed","sticky":false,"template":"","format":"standard","meta":{"footnotes":""},"categories":[436,440,257,439],"tags":[],"class_list":["post-200879","post","type-post","status-publish","format-standard","has-post-thumbnail","hentry","category-destaque-da-semana","category-destaques-do-dia","category-esporte","category-ultima-hora"],"_links":{"self":[{"href":"https:\/\/diarioregionaldigital.com.br\/index.php?rest_route=\/wp\/v2\/posts\/200879","targetHints":{"allow":["GET"]}}],"collection":[{"href":"https:\/\/diarioregionaldigital.com.br\/index.php?rest_route=\/wp\/v2\/posts"}],"about":[{"href":"https:\/\/diarioregionaldigital.com.br\/index.php?rest_route=\/wp\/v2\/types\/post"}],"author":[{"embeddable":true,"href":"https:\/\/diarioregionaldigital.com.br\/index.php?rest_route=\/wp\/v2\/users\/246"}],"replies":[{"embeddable":true,"href":"https:\/\/diarioregionaldigital.com.br\/index.php?rest_route=%2Fwp%2Fv2%2Fcomments&post=200879"}],"version-history":[{"count":2,"href":"https:\/\/diarioregionaldigital.com.br\/index.php?rest_route=\/wp\/v2\/posts\/200879\/revisions"}],"predecessor-version":[{"id":200882,"href":"https:\/\/diarioregionaldigital.com.br\/index.php?rest_route=\/wp\/v2\/posts\/200879\/revisions\/200882"}],"wp:featuredmedia":[{"embeddable":true,"href":"https:\/\/diarioregionaldigital.com.br\/index.php?rest_route=\/wp\/v2\/media\/200880"}],"wp:attachment":[{"href":"https:\/\/diarioregionaldigital.com.br\/index.php?rest_route=%2Fwp%2Fv2%2Fmedia&parent=200879"}],"wp:term":[{"taxonomy":"category","embeddable":true,"href":"https:\/\/diarioregionaldigital.com.br\/index.php?rest_route=%2Fwp%2Fv2%2Fcategories&post=200879"},{"taxonomy":"post_tag","embeddable":true,"href":"https:\/\/diarioregionaldigital.com.br\/index.php?rest_route=%2Fwp%2Fv2%2Ftags&post=200879"}],"curies":[{"name":"wp","href":"https:\/\/api.w.org\/{rel}","templated":true}]}}