{"id":200876,"date":"2022-06-28T19:46:43","date_gmt":"2022-06-28T22:46:43","guid":{"rendered":"https:\/\/diarioregionaldigital.com.br\/?p=200876"},"modified":"2022-06-28T19:46:43","modified_gmt":"2022-06-28T22:46:43","slug":"nova-farmacia-de-minas-em-bh-comeca-a-funcionar-em-22-de-agosto","status":"publish","type":"post","link":"https:\/\/diarioregionaldigital.com.br\/?p=200876","title":{"rendered":"Nova Farm\u00e1cia de Minas em BH come\u00e7a a funcionar em 22 de agosto"},"content":{"rendered":"<p>O\u00a0<a href=\"http:\/\/www.mg.gov.br\/\" target=\"_blank\" rel=\"noopener\">Governo de Minas<\/a>\u00a0vai inaugurar, em agosto deste ano, a nova sede da Farm\u00e1cia de Minas, em Belo Horizonte. O novo espa\u00e7o, em localiza\u00e7\u00e3o estrat\u00e9gica, conta com mais de 4,8 mil metros quadrados e espera atender cerca de 2,5 mil pessoas por dia.<\/p>\n<p>Nesta ter\u00e7a-feira (28\/6), o governador Romeu Zema e o secret\u00e1rio de Estado de\u00a0<a href=\"http:\/\/www.saude.mg.gov.br\/\" target=\"_blank\" rel=\"noopener\">Sa\u00fade<\/a>, o m\u00e9dico F\u00e1bio Baccheretti, visitaram as obras das novas instala\u00e7\u00f5es na capital, localizada na avenida Nossa Senhora de F\u00e1tima, 2.777, no bairro Carlos Prates.<\/p>\n<p>&#8220;Estou imensamente satisfeito por fazer a vistoria neste pr\u00e9dio que, em aproximadamente 50 dias, estar\u00e1 atendendo os mineiros. Atualmente, a Farm\u00e1cia de Minas est\u00e1 em um espa\u00e7o insuficiente e aqui estamos vendo uma \u00e1rea que \u00e9 quase tr\u00eas vezes maior que a unidade da avenida Contorno. S\u00e3o cerca de 4,8 mil metros quadrados, um local que vai proporcionar melhor atendimento para aqueles que vierem aqui buscar medicamentos&#8221;, disse o governador Romeu Zema.<\/p>\n<p>Com o objetivo de melhorar a estrutura e a recep\u00e7\u00e3o dos usu\u00e1rios da Farm\u00e1cia de Minas, em Belo Horizonte, a Secretaria de Estado de Sa\u00fade de Minas Gerais (SES-MG) programou a mudan\u00e7a da unidade para o bairro Carlos Prates. O novo espa\u00e7o ser\u00e1 inaugurado no dia 22\/8. Atualmente, a Farm\u00e1cia funciona na Avenida do Contorno, n\u00ba 8.495, e os atendimentos \u00e0 popula\u00e7\u00e3o seguem normalmente neste local at\u00e9 o dia 12\/8\/2022.<\/p>\n<p>A nova sede vai facilitar o acesso aos usu\u00e1rios, al\u00e9m de garantir uma estrutura adequada para o acolhimento. A instala\u00e7\u00e3o de 2.258,29 metros quadrados\u00a0conta com 120 cadeiras de espera, 74 guich\u00eas, sendo oito de triagem e 66 de atendimento, al\u00e9m de tr\u00eas salas para a assist\u00eancia farmac\u00eautica. O servi\u00e7o tem capacidade para atender, diariamente, mais de 2,5 mil pessoas, no hor\u00e1rio das 7h \u00e0s 19h.<\/p>\n<p>&#8220;Queremos que o cidad\u00e3o fa\u00e7a a marca\u00e7\u00e3o, venha aqui e seja atendido em poucos minutos. O cidad\u00e3o merece dignidade e n\u00e3o ter que enfrentar filas. Estamos melhorando o espa\u00e7o f\u00edsico, aumentando a quantidade de funcion\u00e1rios e os processos. Ser\u00e3o 300 funcion\u00e1rios. Queremos algo que seja refer\u00eancia e d\u00ea dignidade aos mineiros&#8221;, explicou o governador.<\/p>\n<p><strong>Distribui\u00e7\u00e3o de medicamentos<\/strong><\/p>\n<p>Em 2018, sa\u00edram somente da Farm\u00e1cia de Minas de BH 20 milh\u00f5es de medicamentos. De janeiro a maio de 2022, j\u00e1 foram 14,5 milh\u00f5es e\u00a0cerca de 2,5 mil\u00a0pessoas atendidas diariamente.<\/p>\n<p>O governador destacou tamb\u00e9m que o n\u00famero de medicamentos fornecidos pelo estado tem aumentado. &#8220;Al\u00e9m disso, temos de lembrar que, ano a ano, no nosso governo, a quantidade de rem\u00e9dios\u00a0distribu\u00eddos vem subindo. Em 2018, foram 20 milh\u00f5es de medicamentos. Neste ano, de acordo com as proje\u00e7\u00f5es, ser\u00e3o 36 milh\u00f5es de medicamentos, quase o dobro. Isso s\u00f3 \u00e9 poss\u00edvel porque estamos em dia com os laborat\u00f3rios e a nossa secretaria de Sa\u00fade tem ampliado o n\u00famero de medicamentos dispon\u00edveis, evitando a judicializa\u00e7\u00e3o e considerando, principalmente, a dignidade e a sa\u00fade do cidad\u00e3o&#8221;, afirmou.<\/p>\n<p><strong>Doen\u00e7as raras e cr\u00f4nicas<\/strong><\/p>\n<p>De janeiro at\u00e9 maio a Farm\u00e1cia de Minas recebeu a demanda de 15.856 solicita\u00e7\u00f5es de rem\u00e9dios\u00a0do Componente Especializado da Assist\u00eancia Farmac\u00eautica (CEAF), que s\u00e3o utilizados no tratamento de doen\u00e7as raras, de baixa preval\u00eancia ou de uso cr\u00f4nico prolongado. Neste mesmo per\u00edodo foram distribu\u00eddas 14.637.207 unidades de medicamentos do CEAF, o que correspondeu a um investimento na sa\u00fade da popula\u00e7\u00e3o mineira de R$ 73.328.427,27.<\/p>\n<p>Al\u00e9m da nova farm\u00e1cia, o Governo de Minas tem investido em outras a\u00e7\u00f5es para melhorar a presta\u00e7\u00e3o de servi\u00e7o, como explica o secret\u00e1rio de Sa\u00fade, o m\u00e9dico F\u00e1bio Baccheretti. &#8220;Essa nova unidade da Farm\u00e1cia \u00e9 importante para dar mais conforto ao cidad\u00e3o e aos trabalhadores. Temos ainda adapta\u00e7\u00f5es de sistema que v\u00e3o diminuir e acabar com essa fila de espera. Al\u00e9m disso, estamos descentralizando a farm\u00e1cia. Dos 39 munic\u00edpios da regi\u00e3o metropolitana, 20 j\u00e1 receberam recursos do estado e v\u00e3o criar sua pr\u00f3pria farm\u00e1cia para que as pessoas n\u00e3o precisem vir at\u00e9 aqui buscar medicamentos. Portanto, s\u00e3o v\u00e1rias a\u00e7\u00f5es. Mais de 500 munic\u00edpios j\u00e1 aderiram a essa descentraliza\u00e7\u00e3o&#8221;, informou.<\/p>\n<p><strong>Unidade Integrada de Sa\u00fade<\/strong><\/p>\n<p>A nova Farm\u00e1cia de Minas far\u00e1 parte da Unidade Integrada de Sa\u00fade, que vai abrigar tamb\u00e9m a Rede de Frio, instala\u00e7\u00e3o respons\u00e1vel pela armazenagem e distribui\u00e7\u00e3o de vacinas e insumos para a capital e munic\u00edpios da Regi\u00e3o Metropolitana, a Farm\u00e1cia Judicial e o Almoxarifado da Superintend\u00eancia Regional de Sa\u00fade de BH.<\/p>\n<p>\u201cCom a mudan\u00e7a, a Farm\u00e1cia ter\u00e1 uma estrutura completamente nova e passar\u00e1 a funcionar em um local estrat\u00e9gico, pr\u00f3xima \u00e0 esta\u00e7\u00e3o do metr\u00f4 Carlos Prates, facilitando o acesso ao cidad\u00e3o\u201d, explica Patr\u00edcia Oliveira, coordenadora da unidade. Ainda segundo ela, a instala\u00e7\u00e3o da Unidade Integrada de Sa\u00fade busca otimizar a gest\u00e3o administrativa dos servi\u00e7os.<\/p>\n<p><strong>Per\u00edodo de fechamento da Farm\u00e1cia<\/strong><\/p>\n<p>Devido \u00e0 mudan\u00e7a, a Farm\u00e1cia de Minas de Belo Horizonte estar\u00e1 fechada para atendimento ao p\u00fablico entre os dias 15 e 19\/8. Durante esses dias, ser\u00e1 feita a transfer\u00eancia de equipamentos, documentos e medicamentos para o novo local de atendimento.<\/p>\n<p>De acordo com Patr\u00edcia Oliveira, para evitar que os usu\u00e1rios fiquem desassistidos durante os dias em que n\u00e3o haver\u00e1 atendimento ao p\u00fablico, a SES-MG j\u00e1 organizou um cronograma de entrega dos medicamentos.<\/p>\n<p>\u201cPor se tratar de um atendimento ambulatorial pr\u00e9-agendado, com o intuito de n\u00e3o gerar preju\u00edzos aos usu\u00e1rios, as entregas dos medicamentos t\u00eam sido realizadas em quantidade suficiente para os pacientes realizarem seu tratamento at\u00e9 o seu pr\u00f3ximo agendamento, levando em considera\u00e7\u00e3o o per\u00edodo de interrup\u00e7\u00e3o ao atendimento. Para a semana do dia 15 a 19\/8, n\u00e3o ser\u00e3o agendados pacientes e refor\u00e7amos que os usu\u00e1rios da Farm\u00e1cia de Minas s\u00e3o orientados e devem comparecer \u00e0 unidade no dia e hor\u00e1rio agendados em seu \u00faltimo atendimento, para a retirada de seus medicamentos\u201d, esclarece a coordenadora.<\/p>\n<p><main class=\"clear margin-md-bottom-3\"><\/p>\n<div class=\"clear \">\n<p><strong>Farm\u00e1cia Judicial<\/strong><\/p>\n<p>A Farm\u00e1cia Judicial, atualmente localizada \u00e0 Rua dos Otoni, 633, tamb\u00e9m passar\u00e1 a funcionar no novo endere\u00e7o. Durante o per\u00edodo da mudan\u00e7a, que ainda ser\u00e1 definido, o servi\u00e7o ser\u00e1 interrompido para atendimento ao p\u00fablico e, assim como a Farm\u00e1cia de Minas, a unidade judicial est\u00e1 se organizando para garantir o atendimento aos seus cerca de 1,5 mil\u00a0usu\u00e1rios sem preju\u00edzo durante o per\u00edodo da mudan\u00e7a, com ajustes na agenda de atendimentos e quantitativo dispensado.<\/p>\n<p>Os usu\u00e1rios podem consultar a disponibilidade do medicamento pelo aplicativo MGApp e pelo site do portal do cidad\u00e3o:\u00a0<a href=\"http:\/\/cidadao.mg.gov.br\/\" target=\"_blank\" rel=\"noopener\">cidadao.mg.gov.br<\/a>.<\/p>\n<p><span style=\"font-weight: 400;\">Fonte: Ag\u00eancia Minas <\/span><\/p>\n<\/div>\n<p><\/main><\/p>\n","protected":false},"excerpt":{"rendered":"<p>O\u00a0Governo de Minas\u00a0vai inaugurar, em agosto deste ano, a nova sede da Farm\u00e1cia de Minas, em Belo Horizonte. O novo espa\u00e7o, em localiza\u00e7\u00e3o estrat\u00e9gica, conta com mais de 4,8 mil metros quadrados e espera atender cerca de 2,5 mil pessoas por dia. Nesta ter\u00e7a-feira (28\/6), o governador Romeu Zema e o secret\u00e1rio de Estado de\u00a0Sa\u00fade, [&hellip;]<\/p>\n","protected":false},"author":246,"featured_media":200877,"comment_status":"closed","ping_status":"closed","sticky":false,"template":"","format":"standard","meta":{"footnotes":""},"categories":[436,254,439],"tags":[],"class_list":["post-200876","post","type-post","status-publish","format-standard","has-post-thumbnail","hentry","category-destaque-da-semana","category-politica","category-ultima-hora"],"_links":{"self":[{"href":"https:\/\/diarioregionaldigital.com.br\/index.php?rest_route=\/wp\/v2\/posts\/200876","targetHints":{"allow":["GET"]}}],"collection":[{"href":"https:\/\/diarioregionaldigital.com.br\/index.php?rest_route=\/wp\/v2\/posts"}],"about":[{"href":"https:\/\/diarioregionaldigital.com.br\/index.php?rest_route=\/wp\/v2\/types\/post"}],"author":[{"embeddable":true,"href":"https:\/\/diarioregionaldigital.com.br\/index.php?rest_route=\/wp\/v2\/users\/246"}],"replies":[{"embeddable":true,"href":"https:\/\/diarioregionaldigital.com.br\/index.php?rest_route=%2Fwp%2Fv2%2Fcomments&post=200876"}],"version-history":[{"count":1,"href":"https:\/\/diarioregionaldigital.com.br\/index.php?rest_route=\/wp\/v2\/posts\/200876\/revisions"}],"predecessor-version":[{"id":200878,"href":"https:\/\/diarioregionaldigital.com.br\/index.php?rest_route=\/wp\/v2\/posts\/200876\/revisions\/200878"}],"wp:featuredmedia":[{"embeddable":true,"href":"https:\/\/diarioregionaldigital.com.br\/index.php?rest_route=\/wp\/v2\/media\/200877"}],"wp:attachment":[{"href":"https:\/\/diarioregionaldigital.com.br\/index.php?rest_route=%2Fwp%2Fv2%2Fmedia&parent=200876"}],"wp:term":[{"taxonomy":"category","embeddable":true,"href":"https:\/\/diarioregionaldigital.com.br\/index.php?rest_route=%2Fwp%2Fv2%2Fcategories&post=200876"},{"taxonomy":"post_tag","embeddable":true,"href":"https:\/\/diarioregionaldigital.com.br\/index.php?rest_route=%2Fwp%2Fv2%2Ftags&post=200876"}],"curies":[{"name":"wp","href":"https:\/\/api.w.org\/{rel}","templated":true}]}}