{"id":200873,"date":"2022-06-28T19:44:40","date_gmt":"2022-06-28T22:44:40","guid":{"rendered":"https:\/\/diarioregionaldigital.com.br\/?p=200873"},"modified":"2022-06-28T19:44:40","modified_gmt":"2022-06-28T22:44:40","slug":"seplag-mg-lanca-novo-portal-do-servidor","status":"publish","type":"post","link":"https:\/\/diarioregionaldigital.com.br\/?p=200873","title":{"rendered":"Seplag-MG lan\u00e7a novo Portal do Servidor"},"content":{"rendered":"<p>A\u00a0<a href=\"https:\/\/planejamento.mg.gov.br\/\" target=\"_blank\" rel=\"noopener\">Secretaria de Estado de Planejamento e Gest\u00e3o (Seplag-MG)<\/a>, lan\u00e7ou o novo Portal do Servidor, o\u00a0<a href=\"https:\/\/www.portaldoservidor.mg.gov.br\/\" target=\"_blank\" rel=\"noopener\">Servidor.mg<\/a>, que busca melhorar a experi\u00eancia do usu\u00e1rio e viabilizar a digitaliza\u00e7\u00e3o de servi\u00e7os relativos \u00e0 vida funcional do servidor. O novo site foi disponibilizado na \u00faltima sexta-feira (24\/6).<\/p>\n<p>O principal objetivo, de acordo com a subsecretaria de Gest\u00e3o de Pessoas, K\u00eannya Kreppel, \u00e9 proporcionar mais facilidade na usabilidade dos servi\u00e7os e informa\u00e7\u00f5es para os 600 mil servidores p\u00fablicos estaduais.<\/p>\n<p>\u201cNeste primeiro momento, o foco \u00e9 tornar as informa\u00e7\u00f5es mais organizadas. Vamos manter as consultas e servi\u00e7os dispon\u00edveis, tais como: contracheque, agendamento de per\u00edcia m\u00e9dica e certid\u00e3o de contagem de tempo. Nas pr\u00f3ximas etapas, teremos a digitaliza\u00e7\u00e3o de servi\u00e7os para simplificar e tornar os processos internos mais \u00e1geis, reduzir custos para o governo e usu\u00e1rios, al\u00e9m de facilitar o acesso aos servi\u00e7os\u201d, destaca.<\/p>\n<p>O novo portal contou com as contribui\u00e7\u00f5es de v\u00e1rios servidores dos \u00f3rg\u00e3os e entidades do Poder Executivo estadual e est\u00e1 organizado pelas fases da vida funcional do servidor, desde a posse at\u00e9 a aposentadoria.<\/p>\n<p>Ainda, com o objetivo de facilitar a navegabilidade, ao ingressar na primeira vez no site, o usu\u00e1rio ter\u00e1 acesso ao \u201ctour digital\u201d, com informa\u00e7\u00f5es sobre como navegar no portal Servidor.mg.<\/p>\n<p>Para acessar, o servidor dever\u00e1 utilizar o CPF e a mesma senha do\u00a0<a href=\"https:\/\/www.sei.mg.gov.br\/sip\/login.php?sigla_orgao_sistema=GOVMG&amp;sigla_sistema=SEI&amp;infra_url=L3NlaS8=\" target=\"_blank\" rel=\"noopener\">Sistema Eletr\u00f4nico de Informa\u00e7\u00f5es (SEI)<\/a>\u00a0ou outros sistemas que utilizam o Sistema de Seguran\u00e7a Corporativo da Prodemge, tais como Portal do Detran e MG-OUV. Tamb\u00e9m \u00e9 poss\u00edvel utilizar o CPF e senha do gov.br, da mesma forma como ocorre no MG App.<\/p>\n<p>Acesse o novo portal no endere\u00e7o\u00a0<a href=\"https:\/\/www.portaldoservidor.mg.gov.br\/\" target=\"_blank\" rel=\"noopener\">www.portaldoservidor.mg.gov.br<\/a>.<\/p>\n<p><span style=\"font-weight: 400;\">Fonte: Ag\u00eancia Minas <\/span><\/p>\n","protected":false},"excerpt":{"rendered":"<p>A\u00a0Secretaria de Estado de Planejamento e Gest\u00e3o (Seplag-MG), lan\u00e7ou o novo Portal do Servidor, o\u00a0Servidor.mg, que busca melhorar a experi\u00eancia do usu\u00e1rio e viabilizar a digitaliza\u00e7\u00e3o de servi\u00e7os relativos \u00e0 vida funcional do servidor. O novo site foi disponibilizado na \u00faltima sexta-feira (24\/6). O principal objetivo, de acordo com a subsecretaria de Gest\u00e3o de Pessoas, [&hellip;]<\/p>\n","protected":false},"author":246,"featured_media":200874,"comment_status":"closed","ping_status":"closed","sticky":false,"template":"","format":"standard","meta":{"footnotes":""},"categories":[436,254,439],"tags":[],"class_list":["post-200873","post","type-post","status-publish","format-standard","has-post-thumbnail","hentry","category-destaque-da-semana","category-politica","category-ultima-hora"],"_links":{"self":[{"href":"https:\/\/diarioregionaldigital.com.br\/index.php?rest_route=\/wp\/v2\/posts\/200873","targetHints":{"allow":["GET"]}}],"collection":[{"href":"https:\/\/diarioregionaldigital.com.br\/index.php?rest_route=\/wp\/v2\/posts"}],"about":[{"href":"https:\/\/diarioregionaldigital.com.br\/index.php?rest_route=\/wp\/v2\/types\/post"}],"author":[{"embeddable":true,"href":"https:\/\/diarioregionaldigital.com.br\/index.php?rest_route=\/wp\/v2\/users\/246"}],"replies":[{"embeddable":true,"href":"https:\/\/diarioregionaldigital.com.br\/index.php?rest_route=%2Fwp%2Fv2%2Fcomments&post=200873"}],"version-history":[{"count":1,"href":"https:\/\/diarioregionaldigital.com.br\/index.php?rest_route=\/wp\/v2\/posts\/200873\/revisions"}],"predecessor-version":[{"id":200875,"href":"https:\/\/diarioregionaldigital.com.br\/index.php?rest_route=\/wp\/v2\/posts\/200873\/revisions\/200875"}],"wp:featuredmedia":[{"embeddable":true,"href":"https:\/\/diarioregionaldigital.com.br\/index.php?rest_route=\/wp\/v2\/media\/200874"}],"wp:attachment":[{"href":"https:\/\/diarioregionaldigital.com.br\/index.php?rest_route=%2Fwp%2Fv2%2Fmedia&parent=200873"}],"wp:term":[{"taxonomy":"category","embeddable":true,"href":"https:\/\/diarioregionaldigital.com.br\/index.php?rest_route=%2Fwp%2Fv2%2Fcategories&post=200873"},{"taxonomy":"post_tag","embeddable":true,"href":"https:\/\/diarioregionaldigital.com.br\/index.php?rest_route=%2Fwp%2Fv2%2Ftags&post=200873"}],"curies":[{"name":"wp","href":"https:\/\/api.w.org\/{rel}","templated":true}]}}