{"id":200870,"date":"2022-06-28T19:43:13","date_gmt":"2022-06-28T22:43:13","guid":{"rendered":"https:\/\/diarioregionaldigital.com.br\/?p=200870"},"modified":"2022-06-28T19:43:13","modified_gmt":"2022-06-28T22:43:13","slug":"governo-de-minas-inaugura-primeira-etapa-da-revitalizacao-da-uai-praca-sete","status":"publish","type":"post","link":"https:\/\/diarioregionaldigital.com.br\/?p=200870","title":{"rendered":"Governo de Minas inaugura primeira etapa da revitaliza\u00e7\u00e3o da UAI Pra\u00e7a Sete"},"content":{"rendered":"<p>O\u00a0<a href=\"http:\/\/www.mg.gov.br\/\" target=\"_blank\" rel=\"noopener\">Governo de Minas Gerais<\/a>\u00a0inaugurou, nesta ter\u00e7a-feira (28\/6), a primeira parte da revitaliza\u00e7\u00e3o da Unidade de Atendimento Integrado (UAI) Pra\u00e7a Sete, no hipercentro de Belo Horizonte. A unidade \u00e9 a maior do estado e atende, diariamente, cerca de 2.250 pessoas, oferecendo servi\u00e7os como emiss\u00e3o de documentos, solicita\u00e7\u00e3o de seguro desemprego, intermedia\u00e7\u00e3o de m\u00e3o de obra, entre outros.<\/p>\n<p>O governador Romeu Zema conheceu a nova estrutura da UAI Pra\u00e7a Sete e descerrou a placa de reinaugura\u00e7\u00e3o do espa\u00e7o modernizado ao lado da secret\u00e1ria de Estado de\u00a0<a href=\"http:\/\/www.planejamento.mg.gov.br\/\" target=\"_blank\" rel=\"noopener\">Planejamento e Gest\u00e3o (Seplag-MG)<\/a>, Lu\u00edsa Barreto, e do secret\u00e1rio de Estado de\u00a0<a href=\"http:\/\/www.seguranca.mg.gov.br\/\" target=\"_blank\" rel=\"noopener\">Justi\u00e7a e Seguran\u00e7a P\u00fablica (Sejusp-MG)<\/a>, Rog\u00e9rio Greco.<\/p>\n<p>&#8220;O nosso foco tem sido facilitar a vida do cidad\u00e3o e a vida de quem trabalha. Com a reforma da UAI Pra\u00e7a Sete, estamos dando mais um passo nessa dire\u00e7\u00e3o, beneficiando a vida do mineiro&#8221;, afirmou o governador.<\/p>\n<p>A secret\u00e1ria Lu\u00edsa Barreto refor\u00e7ou que com a reforma os servi\u00e7os da UAI ser\u00e3o prestados em um ambiente mais prop\u00edcio para a agilidade e a moderniza\u00e7\u00e3o pretendida pelo Governo de Minas para o atendimento ao cidad\u00e3o.<\/p>\n<p>\u201cA nova UAI Pra\u00e7a Sete representa um marco para a cidade de Belo Horizonte. \u00c9 uma melhoria no atendimento a mais de duas mil pessoas que circulam pela unidade todos os dias. Ao todo, ser\u00e3o investidos R$ 15 milh\u00f5es nesta unidade e, ainda sim, a medida vai gerar economia aos cofres estaduais\u201d, disse.<\/p>\n<p><strong>Obras<\/strong><\/p>\n<p>A primeira parte da obra de revitaliza\u00e7\u00e3o da UAI Pra\u00e7a Sete come\u00e7ou em dezembro de 2021 e foi conclu\u00edda no dia 20 de junho. No anexo do pr\u00e9dio-sede, foram feitas pintura, troca de pisos, instala\u00e7\u00e3o de pain\u00e9is de LED, reforma do sistema hidr\u00e1ulico, el\u00e9trico e de circula\u00e7\u00e3o do ar, al\u00e9m de troca de todo o mobili\u00e1rio. A fachada do pr\u00e9dio-sede tamb\u00e9m j\u00e1 foi reformada.<\/p>\n<p>Durante as obras, os servi\u00e7os n\u00e3o foram interrompidos, mas centralizados no pr\u00e9dio-sede. Agora \u00e9 a vez do pr\u00e9dio-sede ser reformado, com previs\u00e3o de conclus\u00e3o da obra em dezembro deste ano.<\/p>\n<p>O pr\u00e9dio-sede completa 100 anos em 2022 e as reformas v\u00e3o preservar as caracter\u00edsticas do bem, tombado pelo\u00a0<a href=\"http:\/\/www.iepha.mg.gov.br\/\" target=\"_blank\" rel=\"noopener\">Instituto Estadual do Patrim\u00f4nio Hist\u00f3rico e Art\u00edstico (Iepha-MG)<\/a>\u00a0em 1988.<\/p>\n<p><strong>Moderniza\u00e7\u00e3o<\/strong><\/p>\n<p>Entre as medidas implementadas para moderniza\u00e7\u00e3o dos servi\u00e7os est\u00e3o a substitui\u00e7\u00e3o da tinta pela biometria para a confec\u00e7\u00e3o dos documentos em quase todos os atendimentos e o envio das carteiras de identidade pelos Correios, como j\u00e1 ocorria com a Carteira Nacional de Tr\u00e2nsito (CNH). A UAI se prepara ainda para receber uma maior demanda a partir da instala\u00e7\u00e3o da carteira nacional de identidade, que ser\u00e1 oferecida de forma gratuita \u00e0 popula\u00e7\u00e3o a partir do segundo semestre.<\/p>\n<p><strong>PPP<\/strong><\/p>\n<p>Com a entrega da reforma, a UAI Pra\u00e7a Sete passa a ser gerida por meio de Parceria P\u00fablico-Privada (PPP), sob responsabilidade do cons\u00f3rcio Shopping do Cidad\u00e3o, que j\u00e1 administra as UAIs Betim, Governador Valadares, Varginha, Juiz de Fora, Montes Claros e Uberl\u00e2ndia.<\/p>\n<p><span style=\"font-weight: 400;\">Fonte: Ag\u00eancia Minas <\/span><\/p>\n","protected":false},"excerpt":{"rendered":"<p>O\u00a0Governo de Minas Gerais\u00a0inaugurou, nesta ter\u00e7a-feira (28\/6), a primeira parte da revitaliza\u00e7\u00e3o da Unidade de Atendimento Integrado (UAI) Pra\u00e7a Sete, no hipercentro de Belo Horizonte. A unidade \u00e9 a maior do estado e atende, diariamente, cerca de 2.250 pessoas, oferecendo servi\u00e7os como emiss\u00e3o de documentos, solicita\u00e7\u00e3o de seguro desemprego, intermedia\u00e7\u00e3o de m\u00e3o de obra, entre [&hellip;]<\/p>\n","protected":false},"author":246,"featured_media":200871,"comment_status":"closed","ping_status":"closed","sticky":false,"template":"","format":"standard","meta":{"footnotes":""},"categories":[436,254,439],"tags":[],"class_list":["post-200870","post","type-post","status-publish","format-standard","has-post-thumbnail","hentry","category-destaque-da-semana","category-politica","category-ultima-hora"],"_links":{"self":[{"href":"https:\/\/diarioregionaldigital.com.br\/index.php?rest_route=\/wp\/v2\/posts\/200870","targetHints":{"allow":["GET"]}}],"collection":[{"href":"https:\/\/diarioregionaldigital.com.br\/index.php?rest_route=\/wp\/v2\/posts"}],"about":[{"href":"https:\/\/diarioregionaldigital.com.br\/index.php?rest_route=\/wp\/v2\/types\/post"}],"author":[{"embeddable":true,"href":"https:\/\/diarioregionaldigital.com.br\/index.php?rest_route=\/wp\/v2\/users\/246"}],"replies":[{"embeddable":true,"href":"https:\/\/diarioregionaldigital.com.br\/index.php?rest_route=%2Fwp%2Fv2%2Fcomments&post=200870"}],"version-history":[{"count":1,"href":"https:\/\/diarioregionaldigital.com.br\/index.php?rest_route=\/wp\/v2\/posts\/200870\/revisions"}],"predecessor-version":[{"id":200872,"href":"https:\/\/diarioregionaldigital.com.br\/index.php?rest_route=\/wp\/v2\/posts\/200870\/revisions\/200872"}],"wp:featuredmedia":[{"embeddable":true,"href":"https:\/\/diarioregionaldigital.com.br\/index.php?rest_route=\/wp\/v2\/media\/200871"}],"wp:attachment":[{"href":"https:\/\/diarioregionaldigital.com.br\/index.php?rest_route=%2Fwp%2Fv2%2Fmedia&parent=200870"}],"wp:term":[{"taxonomy":"category","embeddable":true,"href":"https:\/\/diarioregionaldigital.com.br\/index.php?rest_route=%2Fwp%2Fv2%2Fcategories&post=200870"},{"taxonomy":"post_tag","embeddable":true,"href":"https:\/\/diarioregionaldigital.com.br\/index.php?rest_route=%2Fwp%2Fv2%2Ftags&post=200870"}],"curies":[{"name":"wp","href":"https:\/\/api.w.org\/{rel}","templated":true}]}}