{"id":200864,"date":"2022-06-28T19:34:38","date_gmt":"2022-06-28T22:34:38","guid":{"rendered":"https:\/\/diarioregionaldigital.com.br\/?p=200864"},"modified":"2022-06-28T19:34:38","modified_gmt":"2022-06-28T22:34:38","slug":"presidente-volta-a-prometer-zerar-pedagio-para-motocicletas-em-brs","status":"publish","type":"post","link":"https:\/\/diarioregionaldigital.com.br\/?p=200864","title":{"rendered":"Presidente volta a prometer zerar ped\u00e1gio para motocicletas em BRs"},"content":{"rendered":"<p>O presidente da Rep\u00fablica, Jair Bolsonaro, voltou a prometer que, \u201cem um curto espa\u00e7o de tempo\u201d, motocicletas ser\u00e3o isentas da cobran\u00e7a de ped\u00e1gio nas rodovias federais do pa\u00eds.<img decoding=\"async\" src=\"https:\/\/agenciabrasil.ebc.com.br\/ebc.png?id=1468134&amp;o=node\" \/><img decoding=\"async\" src=\"https:\/\/agenciabrasil.ebc.com.br\/ebc.gif?id=1468134&amp;o=node\" \/><\/p>\n<p>\u201cAos motociclistas que aqui est\u00e3o, tenham certeza de uma coisa. Todos os novos contratos, todas as novas concess\u00f5es de rodovias, o ped\u00e1gio para motocicleta ser\u00e1 zero, a exemplo do que j\u00e1 acontece na Rodovia Presidente Dutra. Nenhum motociclista, em um curto espa\u00e7o de tempo, pagar\u00e1 ped\u00e1gio em qualquer rodovia federal pelo Brasil\u201d, disse Bolsonaro ao participar, no fim da manh\u00e3 de hoje (28), em Macei\u00f3 (AL), de uma cerim\u00f4nia de entrega de moradias populares a fam\u00edlias de baixa renda.<\/p>\n<p>A primeira vez em que o presidente falou publicamente sobre a inten\u00e7\u00e3o de zerar o valor dos ped\u00e1gios cobrados de motociclistas nas rodovias federais foi em 18 de maio de 2021. Durante a cerim\u00f4nia de lan\u00e7amento do Programa de Incentivo ao Transporte Rodovi\u00e1rio de Cargas \u2013 Gigantes do Asfalto,\u00a0<a href=\"https:\/\/www.gov.br\/planalto\/pt-br\/acompanhe-o-planalto\/discursos\/2021\/discurso-do-presidente-da-republica-jair-bolsonaro-na-cerimonia-de-lancamento-do-programa-gigantes-do-asfalto-palacio-do-planalto\" target=\"_blank\" rel=\"noopener\">Bolsonaro afirmou<\/a>\u00a0que j\u00e1 tinha conversado com o ent\u00e3o ministro da Infraestrutura, Tarc\u00edsio de Freitas, e que a equipe de governo tinha \u201cbatido o martelo\u201d sobre o assunto. \u201cEm todas as novas concess\u00f5es do Brasil, o motociclista n\u00e3o mais pagar\u00e1 ped\u00e1gio\u201d, disse ele\u00a0na ocasi\u00e3o.<\/p>\n<p>Pouco menos de tr\u00eas meses depois, em agosto, o Minist\u00e9rio da Infraestrutura publicou a\u00a0<a href=\"https:\/\/www.in.gov.br\/web\/dou\/-\/portaria-n-104-de-11-de-agosto-de-2021-337810060\" target=\"_blank\" rel=\"noopener\">Portaria 104<\/a>, estabelecendo que, \u201ccomo diretriz de pol\u00edtica p\u00fablica\u201d, os editais de leil\u00e3o de 11 rodovias federais em fase de licita\u00e7\u00e3o deveriam prever a futura isen\u00e7\u00e3o de cobran\u00e7a de tarifa de ped\u00e1gio para motocicletas.<\/p>\n<p>\u201cO volume de motocicletas que transitam\u00a0nas rodovias \u00e9 muito pequeno em rela\u00e7\u00e3o aos outros tipos de ve\u00edculos, sua contribui\u00e7\u00e3o financeira \u00e9 pequena e sua isen\u00e7\u00e3o levaria a uma redistribui\u00e7\u00e3o de valores, mas com impacto \u00ednfimo na tarifa das outras categorias. Esse impacto \u00e9 estimado em torno de 0,04%, mas cada nova concess\u00e3o ter\u00e1 seus estudos realizados individualmente\u201d, justificou Freitas na \u00e9poca.<\/p>\n<p>Conforme Bolsonaro disse hoje, a medida j\u00e1 foi aplicada no contrato de concess\u00e3o da rodovia Presidente Dutra (BR-116), que liga S\u00e3o Paulo e Rio de Janeiro. Segundo a concession\u00e1ria CCR, que passou a administrar a rodovia em mar\u00e7o deste ano, a isen\u00e7\u00e3o se aplica tamb\u00e9m a motonetas, triciclos e bicicletas moto, al\u00e9m de ambul\u00e2ncias, ve\u00edculos oficiais, de prestadores de servi\u00e7os p\u00fablicos ou de funda\u00e7\u00f5es p\u00fablicas, bem como a carros oficiais do Corpo Diplom\u00e1tico.<\/p>\n<h2>Pix<\/h2>\n<p>Na mesma cerim\u00f4nia na capital alagoana, Bolsonaro elencou uma s\u00e9rie de realiza\u00e7\u00f5es de seu governo. Al\u00e9m de voltar a destacar a conclus\u00e3o de obras paralisadas, o presidente destacou a cria\u00e7\u00e3o do Pix. Segundo ele, o recurso de transfer\u00eancia eletr\u00f4nica de valores que o Banco Central criou durante a atual gest\u00e3o permitiu \u00e0s pessoas economizarem ao deixarem de ter que pagar por v\u00e1rias transa\u00e7\u00f5es banc\u00e1rias, como pagamentos e transfer\u00eancias.<\/p>\n<p>\u201cDuvido que haja, aqui, quem n\u00e3o tem o Pix. Voc\u00eas n\u00e3o pagam nada por isto. Os grandes bancos deixar\u00e3o de arrecadar, este ano, R$ 30 bilh\u00f5es. [Justamente] porque n\u00e3o existe [cobran\u00e7a de] tarifa no PIX\u201d, acrescentou Bolsonaro, ladeado pelo presidente da C\u00e2mara dos Deputados, Arthur Lira (PP-AL); ministros de Estado; parlamentares como o senador Fernando Collor (PTB-AL), o presidente da Caixa, Pedro Guimar\u00e3es e o prefeito de Macei\u00f3, Jo\u00e3o Henrique Caldas, que classificou o projeto de constru\u00e7\u00e3o de moradias populares no bairro do Vergel do Lago como \u201cuma obra muito esperada\u201d pela popula\u00e7\u00e3o.<\/p>\n<h2>Macei\u00f3<\/h2>\n<p>Segundo um v\u00eddeo institucional exibido durante o evento, o projeto do Residencial Parque da Lagoa prev\u00ea a constru\u00e7\u00e3o de 1.776 apartamentos que beneficiar\u00e3o fam\u00edlias ribeirinhas que j\u00e1 residem e trabalham no local. A perspectiva \u00e9 beneficiar cerca de 7 mil pessoas. O projeto tamb\u00e9m prev\u00ea a constru\u00e7\u00e3o de um sistema planejado de saneamento; \u00e1reas de lazer, estacionamentos, pra\u00e7as e centro comunit\u00e1rio. S\u00f3 o governo federal investiu R$ 142 milh\u00f5es na obra.<\/p>\n<p>\u201cEste \u00e9 um dos projetos mais lindos da hist\u00f3ria do minist\u00e9rio\u201d, disse o ministro do Desenvolvimento Regional, Daniel Ferreira, durante o evento. \u201cN\u00e3o s\u00f3 porque resolve o problema de uma comunidade de cerca de 8 mil marisqueiros, mas tamb\u00e9m porque devolve um cart\u00e3o-postal para Macei\u00f3, dando dignidade, cidadania e seguran\u00e7a para os trabalhadores [contemplados].\u201d<\/p>\n<p><span style=\"font-weight: 400;\">Fonte: Ag\u00eancia Brasil <\/span><\/p>\n","protected":false},"excerpt":{"rendered":"<p>O presidente da Rep\u00fablica, Jair Bolsonaro, voltou a prometer que, \u201cem um curto espa\u00e7o de tempo\u201d, motocicletas ser\u00e3o isentas da cobran\u00e7a de ped\u00e1gio nas rodovias federais do pa\u00eds. \u201cAos motociclistas que aqui est\u00e3o, tenham certeza de uma coisa. Todos os novos contratos, todas as novas concess\u00f5es de rodovias, o ped\u00e1gio para motocicleta ser\u00e1 zero, a [&hellip;]<\/p>\n","protected":false},"author":246,"featured_media":200865,"comment_status":"closed","ping_status":"closed","sticky":false,"template":"","format":"standard","meta":{"footnotes":""},"categories":[436,261,439],"tags":[],"class_list":["post-200864","post","type-post","status-publish","format-standard","has-post-thumbnail","hentry","category-destaque-da-semana","category-economia","category-ultima-hora"],"_links":{"self":[{"href":"https:\/\/diarioregionaldigital.com.br\/index.php?rest_route=\/wp\/v2\/posts\/200864","targetHints":{"allow":["GET"]}}],"collection":[{"href":"https:\/\/diarioregionaldigital.com.br\/index.php?rest_route=\/wp\/v2\/posts"}],"about":[{"href":"https:\/\/diarioregionaldigital.com.br\/index.php?rest_route=\/wp\/v2\/types\/post"}],"author":[{"embeddable":true,"href":"https:\/\/diarioregionaldigital.com.br\/index.php?rest_route=\/wp\/v2\/users\/246"}],"replies":[{"embeddable":true,"href":"https:\/\/diarioregionaldigital.com.br\/index.php?rest_route=%2Fwp%2Fv2%2Fcomments&post=200864"}],"version-history":[{"count":1,"href":"https:\/\/diarioregionaldigital.com.br\/index.php?rest_route=\/wp\/v2\/posts\/200864\/revisions"}],"predecessor-version":[{"id":200866,"href":"https:\/\/diarioregionaldigital.com.br\/index.php?rest_route=\/wp\/v2\/posts\/200864\/revisions\/200866"}],"wp:featuredmedia":[{"embeddable":true,"href":"https:\/\/diarioregionaldigital.com.br\/index.php?rest_route=\/wp\/v2\/media\/200865"}],"wp:attachment":[{"href":"https:\/\/diarioregionaldigital.com.br\/index.php?rest_route=%2Fwp%2Fv2%2Fmedia&parent=200864"}],"wp:term":[{"taxonomy":"category","embeddable":true,"href":"https:\/\/diarioregionaldigital.com.br\/index.php?rest_route=%2Fwp%2Fv2%2Fcategories&post=200864"},{"taxonomy":"post_tag","embeddable":true,"href":"https:\/\/diarioregionaldigital.com.br\/index.php?rest_route=%2Fwp%2Fv2%2Ftags&post=200864"}],"curies":[{"name":"wp","href":"https:\/\/api.w.org\/{rel}","templated":true}]}}