{"id":200861,"date":"2022-06-28T19:33:13","date_gmt":"2022-06-28T22:33:13","guid":{"rendered":"https:\/\/diarioregionaldigital.com.br\/?p=200861"},"modified":"2022-06-28T19:33:13","modified_gmt":"2022-06-28T22:33:13","slug":"petrobras-tem-novo-presidente-posse-e-questionada-por-petroleiros","status":"publish","type":"post","link":"https:\/\/diarioregionaldigital.com.br\/?p=200861","title":{"rendered":"Petrobras tem novo presidente; posse \u00e9 questionada por petroleiros"},"content":{"rendered":"<p>O ex-secret\u00e1rio especial de Desburocratiza\u00e7\u00e3o do Minist\u00e9rio da Economia\u00a0Caio M\u00e1rio Paes de Andrade\u00a0tomou posse\u00a0hoje\u00a0(28) como Conselheiro de Administra\u00e7\u00e3o e presidente da Petrobras. O ato interno foi realizado na sede da companhia, no Rio de Janeiro. Andrade foi aprovado para os dois cargos durante reuni\u00e3o realizada\u00a0ontem\u00a0(27) pelo conselho e se tornou o quinto titular da companhia no governo do presidente Jair Bolsonaro.<img decoding=\"async\" src=\"https:\/\/agenciabrasil.ebc.com.br\/ebc.png?id=1468122&amp;o=node\" \/><img decoding=\"async\" src=\"https:\/\/agenciabrasil.ebc.com.br\/ebc.gif?id=1468122&amp;o=node\" \/><\/p>\n<p>Segundo informou a Petrobras, o mandato como conselheiro se estender\u00e1 at\u00e9 a realiza\u00e7\u00e3o da pr\u00f3xima Assembleia Geral de Acionistas, ainda sem data agendada, enquanto o mandato de presidente ir\u00e1 at\u00e9 o dia\u00a013 de abril\u00a0de 2023.<\/p>\n<p>Paes de Andrade \u00e9 formado em comunica\u00e7\u00e3o social pela Universidade Paulista, possui p\u00f3s-gradua\u00e7\u00e3o em administra\u00e7\u00e3o e gest\u00e3o pela Harvard University e mestrado em administra\u00e7\u00e3o de empresas pela Duke University. Segundo a empresa, o novo presidente \u00e9 \u201cempreendedor com sucessos comprovados em tecnologia de informa\u00e7\u00e3o, mercado imobili\u00e1rio e agroneg\u00f3cio\u201d.<\/p>\n<p>Na \u00e1rea social, fundou o Instituto Fazer Acontecer, que atende cerca de 4 mil crian\u00e7as e adolescentes no semi\u00e1rido baiano atrav\u00e9s do esporte. Em 2019, assumiu a presid\u00eancia do Servi\u00e7o Federal de Processamento de Dados (Serpro), tornando-se, no ano seguinte, secret\u00e1rio especial de Desburocratiza\u00e7\u00e3o, Gest\u00e3o e Governo Digital, onde coordenou a elabora\u00e7\u00e3o da reforma administrativa e da Plataforma Gov.br.<\/p>\n<h2>Representa\u00e7\u00e3o<\/h2>\n<p>A Associa\u00e7\u00e3o Nacional dos Petroleiros Minorit\u00e1rios da Petrobras (Anapetro) entrou com representa\u00e7\u00e3o\u00a0ontem\u00a0(27) na Comiss\u00e3o de Valores Mobili\u00e1rios (CVM) pedindo investiga\u00e7\u00e3o quanto \u00e0 legalidade da nomea\u00e7\u00e3o de Caio Paes de Andrade como presidente da companhia.<\/p>\n<p>Na avali\u00e7\u00e3o do presidente da Anapetro, M\u00e1rio Dalzot, o novo presidente\u00a0n\u00e3o tem experi\u00eancia nem a forma\u00e7\u00e3o necess\u00e1ria para dirigir a Petrobras. Em entrevista \u00e0\u00a0<strong>Ag\u00eancia Brasil<\/strong>, Dalzot disse que\u00a0&#8220;algu\u00e9m sem a qualifica\u00e7\u00e3o necess\u00e1ria e sem a experi\u00eancia necess\u00e1ria, fica mais pass\u00edvel de influ\u00eancias por parte do governo, coisa que a gente n\u00e3o precisa para a Petrobras\u00a0hoje\u201d.<\/p>\n<p>Na representa\u00e7\u00e3o, os minorit\u00e1rios apontam &#8220;eventuais atos lesivos ao patrim\u00f4nio da empresa\u00a0Petrobras\u00a0e aos interesses de seus acionistas.&#8221;<\/p>\n<p>Para os petroleiros, \u201co Sr. Caio de Andrade n\u00e3o pode tomar posse como presidente da Petrobras, por n\u00e3o possuir requisitos legais para tal e, consequentemente, apresentar risco \u00e0 companhia e a seus acionistas minorit\u00e1rios\u201d.<\/p>\n<p>Dalzot mencionou tamb\u00e9m que n\u00e3o foram cumpridos alguns prazos para a nomea\u00e7\u00e3o de Andrade, o que tamb\u00e9m est\u00e1 inclu\u00eddo\u00a0no processo administrativo que servir\u00e1 de base para o processo judicial que a Anapetro pretende dar entrada ainda nesta\u00a0ter\u00e7a-feira.<\/p>\n<p>Em nota, a CVM confirmou o recebimento da representa\u00e7\u00e3o, mas afirmou que n\u00e3o comenta casos espec\u00edficos.<\/p>\n<p><span style=\"font-weight: 400;\">Fonte: Ag\u00eancia Brasil <\/span><\/p>\n","protected":false},"excerpt":{"rendered":"<p>O ex-secret\u00e1rio especial de Desburocratiza\u00e7\u00e3o do Minist\u00e9rio da Economia\u00a0Caio M\u00e1rio Paes de Andrade\u00a0tomou posse\u00a0hoje\u00a0(28) como Conselheiro de Administra\u00e7\u00e3o e presidente da Petrobras. O ato interno foi realizado na sede da companhia, no Rio de Janeiro. Andrade foi aprovado para os dois cargos durante reuni\u00e3o realizada\u00a0ontem\u00a0(27) pelo conselho e se tornou o quinto titular da companhia [&hellip;]<\/p>\n","protected":false},"author":246,"featured_media":200862,"comment_status":"closed","ping_status":"closed","sticky":false,"template":"","format":"standard","meta":{"footnotes":""},"categories":[436,261,439],"tags":[],"class_list":["post-200861","post","type-post","status-publish","format-standard","has-post-thumbnail","hentry","category-destaque-da-semana","category-economia","category-ultima-hora"],"_links":{"self":[{"href":"https:\/\/diarioregionaldigital.com.br\/index.php?rest_route=\/wp\/v2\/posts\/200861","targetHints":{"allow":["GET"]}}],"collection":[{"href":"https:\/\/diarioregionaldigital.com.br\/index.php?rest_route=\/wp\/v2\/posts"}],"about":[{"href":"https:\/\/diarioregionaldigital.com.br\/index.php?rest_route=\/wp\/v2\/types\/post"}],"author":[{"embeddable":true,"href":"https:\/\/diarioregionaldigital.com.br\/index.php?rest_route=\/wp\/v2\/users\/246"}],"replies":[{"embeddable":true,"href":"https:\/\/diarioregionaldigital.com.br\/index.php?rest_route=%2Fwp%2Fv2%2Fcomments&post=200861"}],"version-history":[{"count":1,"href":"https:\/\/diarioregionaldigital.com.br\/index.php?rest_route=\/wp\/v2\/posts\/200861\/revisions"}],"predecessor-version":[{"id":200863,"href":"https:\/\/diarioregionaldigital.com.br\/index.php?rest_route=\/wp\/v2\/posts\/200861\/revisions\/200863"}],"wp:featuredmedia":[{"embeddable":true,"href":"https:\/\/diarioregionaldigital.com.br\/index.php?rest_route=\/wp\/v2\/media\/200862"}],"wp:attachment":[{"href":"https:\/\/diarioregionaldigital.com.br\/index.php?rest_route=%2Fwp%2Fv2%2Fmedia&parent=200861"}],"wp:term":[{"taxonomy":"category","embeddable":true,"href":"https:\/\/diarioregionaldigital.com.br\/index.php?rest_route=%2Fwp%2Fv2%2Fcategories&post=200861"},{"taxonomy":"post_tag","embeddable":true,"href":"https:\/\/diarioregionaldigital.com.br\/index.php?rest_route=%2Fwp%2Fv2%2Ftags&post=200861"}],"curies":[{"name":"wp","href":"https:\/\/api.w.org\/{rel}","templated":true}]}}