{"id":200835,"date":"2022-06-27T20:45:01","date_gmt":"2022-06-27T23:45:01","guid":{"rendered":"https:\/\/diarioregionaldigital.com.br\/?p=200835"},"modified":"2022-06-27T20:45:01","modified_gmt":"2022-06-27T23:45:01","slug":"rua-de-brincar-deste-domingo-26-contou-com-programacao-especial","status":"publish","type":"post","link":"https:\/\/diarioregionaldigital.com.br\/?p=200835","title":{"rendered":"Rua de Brincar deste domingo, 26, contou com programa\u00e7\u00e3o especial"},"content":{"rendered":"<p>Segundo informa\u00e7\u00f5es do site da Prefeitura de Juiz de Fora (PJF), foi realizado neste domingo, 26, pela PJF, uma programa\u00e7\u00e3o especial com brincadeiras e atividades ao ar livre em todos os bairros onde acontece o projeto \u201cRua de Brincar\u201d. A iniciativa \u00e9 do Programa Boniteza, coordenado pela Secretaria de Governo (SG), e tem como objetivo viabilizar que vias p\u00fablicas sejam usadas como espa\u00e7o para divers\u00e3o e pr\u00e1tica de atividades esportivas ao ar livre.<\/p>\n<p>&nbsp;<\/p>\n<p>Semanalmente aos domingos, de 8h \u00e0s 12h, nos bairros Santa Cruz, Retiro, Ponte Preta e na Avenida Brasil, o tr\u00e2nsito \u00e9 fechado para dar espa\u00e7o ao lazer e \u00e0 divers\u00e3o.<\/p>\n<p>&nbsp;<\/p>\n<p><strong>Avenida Brasil<\/strong><\/p>\n<p>&nbsp;<\/p>\n<p>Neste domingo, na Avenida Brasil a a\u00e7\u00e3o do Rua de Brincar foi coordenada pela Funda\u00e7\u00e3o Cultural Alfredo Ferreira Lage (Funalfa) e pela Secretaria de Esporte e Lazer (SEL), que promoveram diversas atividades, como tot\u00f3, pingue-pongue, escorregadores, cama el\u00e1stica, infl\u00e1veis e distribui\u00e7\u00e3o de produtos do Programa Murillo Mendes e Zine do Patrim\u00f4nio Cultural para colorir.<\/p>\n<p>&nbsp;<\/p>\n<p><strong>Retiro<\/strong><\/p>\n<p>&nbsp;<\/p>\n<p>Os moradores do bairro Retiro tiveram \u00e0 disposi\u00e7\u00e3o pinturas na pele, argola,\u00a0 bola ao alvo, jogos de lata, gols do futebol de rua, cordas individuais e coletivas, pernas de pau e amarelinha, al\u00e9m da distribui\u00e7\u00e3o de material educativo para crian\u00e7as sobre direitos humanos e de atividades para colorir. As a\u00e7\u00f5es foram organizadas pela Secretaria Especial de Direitos Humanos (SEDH).<\/p>\n<p>&nbsp;<\/p>\n<p><strong>Santa Cruz\u00a0<\/strong><\/p>\n<p>&nbsp;<\/p>\n<p>Na Zona Norte, o bairro Santa Cruz recebeu a equipe da Empresa Municipal de Pavimenta\u00e7\u00e3o e Urbaniza\u00e7\u00e3o (Empav) para o Rua de Brincar, com distribui\u00e7\u00e3o de mudas ornamentais e medicinais e oficina de planta\u00e7\u00e3o de sementes de girassol em caixinhas de leite. A Secretaria de Seguran\u00e7a Urbana e Cidadania (Sesuc) promoveu diversas brincadeiras e conta\u00e7\u00e3o de hist\u00f3rias para as crian\u00e7as.<\/p>\n<p>&nbsp;<\/p>\n<p><strong>Ponte Preta<\/strong><\/p>\n<p>&nbsp;<\/p>\n<p>O Rua de Brincar foi inaugurado h\u00e1 tr\u00eas meses no bairro Ponte Preta, promovendo lazer em mais um ponto da Zona Norte. A comunidade desfrutou das atividades organizadas pela Secretaria de Educa\u00e7\u00e3o (SE) e pela Secretaria de Sustentabilidade em Meio Ambiente e Atividades Urbanas (Sesmaur), que inclu\u00edam\u00a0 brincadeiras como bola ao alvo,\u00a0 gols do futebol de rua, cordas individuais e coletivas, pernas de pau, brinquedos feitos com materiais recicl\u00e1veis, jogo da velha gigante e amarelinha, al\u00e9m da distribui\u00e7\u00e3o de material educativo para crian\u00e7as sobre direitos humanos e de atividades para colorir.<\/p>\n<p>&nbsp;<\/p>\n<p><strong>Programa Boniteza<\/strong><\/p>\n<p>&nbsp;<\/p>\n<p>Coordenado pela Secretaria de Governo (SG), o Programa Boniteza \u00e9 desenvolvido atrav\u00e9s de uma a\u00e7\u00e3o integrada entre Secretaria de Assist\u00eancia Social (SAS); Secretaria de Agricultura Pecu\u00e1ria e Abastecimento (Seapa); Companhia de Saneamento Municipal (Cesama); Secretaria de Comunica\u00e7\u00e3o Social (Secom); Departamento Municipal de Limpeza Urbana (Demlurb);\u00a0 Secretaria de Desenvolvimento Sustent\u00e1vel e Inclusivo, da Inova\u00e7\u00e3o e Competitividade (Sedic); Empresa Municipal de Pavimenta\u00e7\u00e3o e Urbaniza\u00e7\u00e3o (Empav); Secretaria de Educa\u00e7\u00e3o (SE); Secretaria Especial de Direitos Humanos (SEDH); Secretaria de Esporte e Lazer (SEL); Funda\u00e7\u00e3o Cultural Alfredo Ferreira Lage (Funalfa); Secretaria da Fazenda (SF); Secretaria de Mobilidade Urbana (SMU); Secretaria de Obras (SO); Secretaria de Planejamento Urbano (Sepur); Secretaria de Planejamento do Territ\u00f3rio e Participa\u00e7\u00e3o Popular (Seppop); Secretaria de Sustentabilidade em Meio Ambiente e Atividades Urbanas (Sesmaur); Secretaria de Seguran\u00e7a Urbana e Cidadania (Sesuc); Secretaria de Sa\u00fade (SS); Secretaria de Turismo (Setur); e Secretaria de Transforma\u00e7\u00e3o Digital e Administrativa (STDA).<\/p>\n","protected":false},"excerpt":{"rendered":"<p>Segundo informa\u00e7\u00f5es do site da Prefeitura de Juiz de Fora (PJF), foi realizado neste domingo, 26, pela PJF, uma programa\u00e7\u00e3o especial com brincadeiras e atividades ao ar livre em todos os bairros onde acontece o projeto \u201cRua de Brincar\u201d. A iniciativa \u00e9 do Programa Boniteza, coordenado pela Secretaria de Governo (SG), e tem como objetivo [&hellip;]<\/p>\n","protected":false},"author":246,"featured_media":200836,"comment_status":"closed","ping_status":"closed","sticky":false,"template":"","format":"standard","meta":{"footnotes":""},"categories":[253,436,439],"tags":[],"class_list":["post-200835","post","type-post","status-publish","format-standard","has-post-thumbnail","hentry","category-cidade","category-destaque-da-semana","category-ultima-hora"],"_links":{"self":[{"href":"https:\/\/diarioregionaldigital.com.br\/index.php?rest_route=\/wp\/v2\/posts\/200835","targetHints":{"allow":["GET"]}}],"collection":[{"href":"https:\/\/diarioregionaldigital.com.br\/index.php?rest_route=\/wp\/v2\/posts"}],"about":[{"href":"https:\/\/diarioregionaldigital.com.br\/index.php?rest_route=\/wp\/v2\/types\/post"}],"author":[{"embeddable":true,"href":"https:\/\/diarioregionaldigital.com.br\/index.php?rest_route=\/wp\/v2\/users\/246"}],"replies":[{"embeddable":true,"href":"https:\/\/diarioregionaldigital.com.br\/index.php?rest_route=%2Fwp%2Fv2%2Fcomments&post=200835"}],"version-history":[{"count":2,"href":"https:\/\/diarioregionaldigital.com.br\/index.php?rest_route=\/wp\/v2\/posts\/200835\/revisions"}],"predecessor-version":[{"id":200838,"href":"https:\/\/diarioregionaldigital.com.br\/index.php?rest_route=\/wp\/v2\/posts\/200835\/revisions\/200838"}],"wp:featuredmedia":[{"embeddable":true,"href":"https:\/\/diarioregionaldigital.com.br\/index.php?rest_route=\/wp\/v2\/media\/200836"}],"wp:attachment":[{"href":"https:\/\/diarioregionaldigital.com.br\/index.php?rest_route=%2Fwp%2Fv2%2Fmedia&parent=200835"}],"wp:term":[{"taxonomy":"category","embeddable":true,"href":"https:\/\/diarioregionaldigital.com.br\/index.php?rest_route=%2Fwp%2Fv2%2Fcategories&post=200835"},{"taxonomy":"post_tag","embeddable":true,"href":"https:\/\/diarioregionaldigital.com.br\/index.php?rest_route=%2Fwp%2Fv2%2Ftags&post=200835"}],"curies":[{"name":"wp","href":"https:\/\/api.w.org\/{rel}","templated":true}]}}