{"id":200832,"date":"2022-06-27T20:42:04","date_gmt":"2022-06-27T23:42:04","guid":{"rendered":"https:\/\/diarioregionaldigital.com.br\/?p=200832"},"modified":"2022-06-27T20:42:04","modified_gmt":"2022-06-27T23:42:04","slug":"pjf-firma-acordo-de-cooperacao-com-if-sudeste-para-utilizacao-da-plataforma-moodle-na-escola-de-governo","status":"publish","type":"post","link":"https:\/\/diarioregionaldigital.com.br\/?p=200832","title":{"rendered":"PJF firma acordo de coopera\u00e7\u00e3o com IF Sudeste para utiliza\u00e7\u00e3o da Plataforma Moodle na Escola de Governo"},"content":{"rendered":"<p>Segundo informa\u00e7\u00f5es do site da Prefeitura de Juiz de Fora (PJF), foi oficializado pela PJF\u00a0nesta segunda-feira, 27, um acordo de coopera\u00e7\u00e3o t\u00e9cnica com o Instituto Federal de Educa\u00e7\u00e3o, Ci\u00eancia e Tecnologia do Sudeste de Minas Gerais (IF Sudeste) para utiliza\u00e7\u00e3o da Plataforma Moodle nos cursos e treinamentos promovidos pela Escola de Governo Municipal (DEG) da Secretaria de Recursos Humanos (SRH) da PJF. A assinatura simb\u00f3lica do termo foi realizada no gabinete da prefeita Margarida Salom\u00e3o.<\/p>\n<p>&nbsp;<\/p>\n<p>A chefe do Executivo destacou que \u201cem rela\u00e7\u00e3o \u00e0 forma\u00e7\u00e3o de recursos humanos, h\u00e1 uma infinidade de situa\u00e7\u00f5es em que a Prefeitura pode contar com o IF como nosso colaborador. \u00c9 muito importante a disponibiliza\u00e7\u00e3o da Moodle para a forma\u00e7\u00e3o, pois a educa\u00e7\u00e3o a dist\u00e2ncia tem muito mais flexibilidade\u201d. Margarida completou enfatizando que a expectativa \u00e9 \u201cque essa plataforma tenha uma utiliza\u00e7\u00e3o muito ativa na nossa Escola de Governo\u201d.<\/p>\n<p>&nbsp;<\/p>\n<p>A Plataforma Moodle \u00e9 um software livre, gratuito e de fonte aberta, que funciona como uma sala de aula online onde professores podem disponibilizar material did\u00e1tico e propor tarefas interativas, como testes e discuss\u00f5es em f\u00f3runs. Para os alunos, o ambiente facilita a troca de conhecimento e de arquivos multim\u00eddia. \u00c9 esse ambiente que estar\u00e1 dispon\u00edvel para os cursos oferecidos pelo DEG.<\/p>\n<p>&nbsp;<\/p>\n<p>\u201cEssa parceria vai permitir que a Prefeitura tenha acesso a uma plataforma de \u00faltima gera\u00e7\u00e3o com uma capacidade de termos at\u00e9 1.500 alunos ao mesmo tempo no mesmo ambiente virtual, totalizando at\u00e9 cinco mil forma\u00e7\u00f5es por ano. Vai servir para realizarmos cursos de longa ou de pequena dura\u00e7\u00e3o, tutoriais, enfim, uma infinidade de possibilidades atrav\u00e9s desse conv\u00eanio que estamos assinando\u201d, avaliou o secret\u00e1rio de Recursos Humanos, Rog\u00e9rio de Freitas.<\/p>\n<p>&nbsp;<\/p>\n<p>Para a diretora geral do Campus Juiz de Fora do IF Sudeste, Cl\u00e1udia Coura, \u201co Instituto Federal e a Prefeitura s\u00e3o institui\u00e7\u00f5es parceiras e hoje podemos estreitar um pouco mais essa parceria. Estamos felizes em poder contribuir com a Prefeitura. Essa \u00e9 a fun\u00e7\u00e3o do IF: trabalhar junto com outras institui\u00e7\u00f5es para o benef\u00edcio da nossa cidade\u201d.<\/p>\n<p>&nbsp;<\/p>\n<p>O ato simb\u00f3lico tamb\u00e9m contou com a presen\u00e7a do secret\u00e1rio de Comunica\u00e7\u00e3o P\u00fablica, M\u00e1rcio Guerra; da gerente da Escola de Governo Municipal, Marina Neves; e dos professores do IF Sudeste, Sandro Fernandes, do N\u00facleo de Inform\u00e1tica do Departamento de Educa\u00e7\u00e3o de Tecnologia, e Alo\u00edsio Oliveira, do N\u00facleo de Educa\u00e7\u00e3o \u00e0 Dist\u00e2ncia.<\/p>\n","protected":false},"excerpt":{"rendered":"<p>Segundo informa\u00e7\u00f5es do site da Prefeitura de Juiz de Fora (PJF), foi oficializado pela PJF\u00a0nesta segunda-feira, 27, um acordo de coopera\u00e7\u00e3o t\u00e9cnica com o Instituto Federal de Educa\u00e7\u00e3o, Ci\u00eancia e Tecnologia do Sudeste de Minas Gerais (IF Sudeste) para utiliza\u00e7\u00e3o da Plataforma Moodle nos cursos e treinamentos promovidos pela Escola de Governo Municipal (DEG) da [&hellip;]<\/p>\n","protected":false},"author":246,"featured_media":200833,"comment_status":"closed","ping_status":"closed","sticky":false,"template":"","format":"standard","meta":{"footnotes":""},"categories":[253,436,440,439],"tags":[],"class_list":["post-200832","post","type-post","status-publish","format-standard","has-post-thumbnail","hentry","category-cidade","category-destaque-da-semana","category-destaques-do-dia","category-ultima-hora"],"_links":{"self":[{"href":"https:\/\/diarioregionaldigital.com.br\/index.php?rest_route=\/wp\/v2\/posts\/200832","targetHints":{"allow":["GET"]}}],"collection":[{"href":"https:\/\/diarioregionaldigital.com.br\/index.php?rest_route=\/wp\/v2\/posts"}],"about":[{"href":"https:\/\/diarioregionaldigital.com.br\/index.php?rest_route=\/wp\/v2\/types\/post"}],"author":[{"embeddable":true,"href":"https:\/\/diarioregionaldigital.com.br\/index.php?rest_route=\/wp\/v2\/users\/246"}],"replies":[{"embeddable":true,"href":"https:\/\/diarioregionaldigital.com.br\/index.php?rest_route=%2Fwp%2Fv2%2Fcomments&post=200832"}],"version-history":[{"count":1,"href":"https:\/\/diarioregionaldigital.com.br\/index.php?rest_route=\/wp\/v2\/posts\/200832\/revisions"}],"predecessor-version":[{"id":200834,"href":"https:\/\/diarioregionaldigital.com.br\/index.php?rest_route=\/wp\/v2\/posts\/200832\/revisions\/200834"}],"wp:featuredmedia":[{"embeddable":true,"href":"https:\/\/diarioregionaldigital.com.br\/index.php?rest_route=\/wp\/v2\/media\/200833"}],"wp:attachment":[{"href":"https:\/\/diarioregionaldigital.com.br\/index.php?rest_route=%2Fwp%2Fv2%2Fmedia&parent=200832"}],"wp:term":[{"taxonomy":"category","embeddable":true,"href":"https:\/\/diarioregionaldigital.com.br\/index.php?rest_route=%2Fwp%2Fv2%2Fcategories&post=200832"},{"taxonomy":"post_tag","embeddable":true,"href":"https:\/\/diarioregionaldigital.com.br\/index.php?rest_route=%2Fwp%2Fv2%2Ftags&post=200832"}],"curies":[{"name":"wp","href":"https:\/\/api.w.org\/{rel}","templated":true}]}}