{"id":200826,"date":"2022-06-27T20:28:30","date_gmt":"2022-06-27T23:28:30","guid":{"rendered":"https:\/\/diarioregionaldigital.com.br\/?p=200826"},"modified":"2022-06-27T20:28:30","modified_gmt":"2022-06-27T23:28:30","slug":"apos-15-anos-lucas-leiva-e-anunciado-e-esta-de-volta-ao-gremio","status":"publish","type":"post","link":"https:\/\/diarioregionaldigital.com.br\/?p=200826","title":{"rendered":"Ap\u00f3s 15 anos, Lucas Leiva \u00e9 anunciado e est\u00e1 de volta ao Gr\u00eamio"},"content":{"rendered":"<p>O volante Lucas Leiva est\u00e1 de volta ao Gr\u00eamio. O jogador de 35 anos, revelado pelo Tricolor ga\u00facho, teve o retorno anunciado pelo clube nesta segunda-feira (27), 15 anos ap\u00f3s ser negociado com o Liverpool (Inglaterra). O contrato do atleta, que vestir\u00e1 a camisa 15 (a mesma que utilizou em 2005, ano em que estreou na equipe profissional), ser\u00e1 v\u00e1lido at\u00e9 dezembro do ano que vem.<img decoding=\"async\" src=\"https:\/\/agenciabrasil.ebc.com.br\/ebc.png?id=1467937&amp;o=node\" \/><img decoding=\"async\" src=\"https:\/\/agenciabrasil.ebc.com.br\/ebc.gif?id=1467937&amp;o=node\" \/><\/p>\n<p>\u201cO Gr\u00eamio, para mim, foi o in\u00edcio do sonho. No futebol, \u00e0s vezes, a gente planeja e n\u00e3o d\u00e1 certo, mas o momento de voltar chegou. Para mim, n\u00e3o importa onde o Gr\u00eamio est\u00e1, importa ter a oportunidade de representar esse time, que significa tanto para mim. O clube fez esfor\u00e7o para me trazer e eu fiz esfor\u00e7o para voltar. O mais importante \u00e9 deixar as vaidades e o ego de lado por um \u00fanico objetivo, que \u00e9 retornar \u00e0 S\u00e9rie A\u201d, declarou Lucas em entrevista coletiva na Arena tricolor, em Porto Alegre.<\/p>\n<p>Como a janela de transfer\u00eancias do futebol brasileiro reabre somente em 18 de julho, a prov\u00e1vel reestreia do volante pode ocorrer no dia seguinte, diante do Brusque, \u00e0s 19h (hor\u00e1rio de Bras\u00edlia), no est\u00e1dio Augusto Bauer, em Brusque (SC), pela 19\u00aa rodada da S\u00e9rie B. O primeiro jogo na Arena, por sua vez, dever\u00e1 ser em 23 de julho, com a Ponte Preta, tamb\u00e9m \u00e0s 19h, pela 20\u00aa rodada.<\/p>\n<p>\u201cN\u00e3o jogo desde o dia 22 de maio, mas tenho treinado sozinho, um treinamento de manuten\u00e7\u00e3o. Agora vou come\u00e7ar a treinar com o time, \u00e9 diferente, vamos ver como ser\u00e1 nas pr\u00f3ximas semanas, mas t\u00eam grandes chances de estar dispon\u00edvel quando a janela abrir\u201d, afirmou o jogador.<\/p>\n<p>Lucas fez parte do elenco campe\u00e3o da S\u00e9rie B de 2005 e bicampe\u00e3o ga\u00facho em 2006 e 2007. Negociado com o Liverpool ap\u00f3s o vice da Libertadores em 2007, ele atuou por dez temporadas no clube ingl\u00eas, vencendo a Copa da Liga na temporada 2011\/2012. Em 2017, foi para a Lazio (It\u00e1lia), conquistando duas Supercopas (2017 e 2019) e uma Copa da It\u00e1lia (2018\/2019). O volante ainda defendeu a sele\u00e7\u00e3o brasileira em 24 oportunidades e integrou o time medalhista de bronze na Olimp\u00edada de Pequim (China), em 2008.<\/p>\n<div class=\"post-item-wrap\">\n<p>No Gr\u00eamio, Lucas disputar\u00e1 posi\u00e7\u00e3o com os tamb\u00e9m volantes Mateus Sarar\u00e1, Thiago Santos, Fernando Henrique, Mat\u00edas Villasanti, Lucas Silva e Bitello. Ap\u00f3s 14 rodadas, o Tricolor ocupa o quarto lugar da S\u00e9rie B, com 22 pontos. A equipe dirigida por Roger Machado volta a campo nesta ter\u00e7a-feira (28), \u00e0s 19h, contra o Londrina, na Arena.<\/p>\n<\/div>\n<p class=\"alt-font font-italic my-2 small text-info\"><span style=\"font-weight: 400;\">Fonte: Ag\u00eancia Brasil <\/span><\/p>\n","protected":false},"excerpt":{"rendered":"<p>O volante Lucas Leiva est\u00e1 de volta ao Gr\u00eamio. O jogador de 35 anos, revelado pelo Tricolor ga\u00facho, teve o retorno anunciado pelo clube nesta segunda-feira (27), 15 anos ap\u00f3s ser negociado com o Liverpool (Inglaterra). O contrato do atleta, que vestir\u00e1 a camisa 15 (a mesma que utilizou em 2005, ano em que estreou [&hellip;]<\/p>\n","protected":false},"author":246,"featured_media":200827,"comment_status":"closed","ping_status":"closed","sticky":false,"template":"","format":"standard","meta":{"footnotes":""},"categories":[436,257,439],"tags":[],"class_list":["post-200826","post","type-post","status-publish","format-standard","has-post-thumbnail","hentry","category-destaque-da-semana","category-esporte","category-ultima-hora"],"_links":{"self":[{"href":"https:\/\/diarioregionaldigital.com.br\/index.php?rest_route=\/wp\/v2\/posts\/200826","targetHints":{"allow":["GET"]}}],"collection":[{"href":"https:\/\/diarioregionaldigital.com.br\/index.php?rest_route=\/wp\/v2\/posts"}],"about":[{"href":"https:\/\/diarioregionaldigital.com.br\/index.php?rest_route=\/wp\/v2\/types\/post"}],"author":[{"embeddable":true,"href":"https:\/\/diarioregionaldigital.com.br\/index.php?rest_route=\/wp\/v2\/users\/246"}],"replies":[{"embeddable":true,"href":"https:\/\/diarioregionaldigital.com.br\/index.php?rest_route=%2Fwp%2Fv2%2Fcomments&post=200826"}],"version-history":[{"count":1,"href":"https:\/\/diarioregionaldigital.com.br\/index.php?rest_route=\/wp\/v2\/posts\/200826\/revisions"}],"predecessor-version":[{"id":200828,"href":"https:\/\/diarioregionaldigital.com.br\/index.php?rest_route=\/wp\/v2\/posts\/200826\/revisions\/200828"}],"wp:featuredmedia":[{"embeddable":true,"href":"https:\/\/diarioregionaldigital.com.br\/index.php?rest_route=\/wp\/v2\/media\/200827"}],"wp:attachment":[{"href":"https:\/\/diarioregionaldigital.com.br\/index.php?rest_route=%2Fwp%2Fv2%2Fmedia&parent=200826"}],"wp:term":[{"taxonomy":"category","embeddable":true,"href":"https:\/\/diarioregionaldigital.com.br\/index.php?rest_route=%2Fwp%2Fv2%2Fcategories&post=200826"},{"taxonomy":"post_tag","embeddable":true,"href":"https:\/\/diarioregionaldigital.com.br\/index.php?rest_route=%2Fwp%2Fv2%2Ftags&post=200826"}],"curies":[{"name":"wp","href":"https:\/\/api.w.org\/{rel}","templated":true}]}}