{"id":200819,"date":"2022-06-27T20:22:33","date_gmt":"2022-06-27T23:22:33","guid":{"rendered":"https:\/\/diarioregionaldigital.com.br\/?p=200819"},"modified":"2022-06-27T20:22:33","modified_gmt":"2022-06-27T23:22:33","slug":"aguas-abertas-ana-marcela-cunha-conquista-ouro-nos-5-km-no-mundial","status":"publish","type":"post","link":"https:\/\/diarioregionaldigital.com.br\/?p=200819","title":{"rendered":"\u00c1guas abertas: Ana Marcela Cunha conquista ouro nos 5 km no Mundial"},"content":{"rendered":"<p>A baiana Ana Marcela Cunha conquistou, nesta segunda-feira (27), a medalha de ouro na prova de cinco quil\u00f4metros em \u00e1guas abertas no Campeonato Mundial de Esportes Aqu\u00e1ticos, realizado em Budapeste (Hungria). A brasileira completou o percurso em 57min52s90, menos de um segundo \u00e0 frente da francesa Angelie Muller, segunda colocada. A italiana Giulia Gabbrielleschi levou o bronze.<img decoding=\"async\" src=\"https:\/\/agenciabrasil.ebc.com.br\/ebc.png?id=1467906&amp;o=node\" \/><img decoding=\"async\" src=\"https:\/\/agenciabrasil.ebc.com.br\/ebc.gif?id=1467906&amp;o=node\" \/><\/p>\n<p>Foi a 13\u00aa medalha de Ana Marcela em Mundiais, sendo a sexta dourada e a segunda nos cinco quil\u00f4metros &#8211; a primeira dela foi h\u00e1 tr\u00eas anos, na edi\u00e7\u00e3o de Gwangju (Coreia do Sul). A ga\u00facha Viviane Jungblut, que j\u00e1 havia competido em duas provas de piscina (800 metros e 1,5 metros) e no revezamento em \u00e1guas abertas, terminou a disputa desta segunda em s\u00e9timo.<\/p>\n<p>&#8220;Cada medalha tem seu gosto especial, tem uma prepara\u00e7\u00e3o diferente e uma prepara\u00e7\u00e3o por tr\u00e1s de cada medalha. Acho que a minha primeira medalha, que foi de bronze, foi nos cinco quil\u00f4metros. Ali tudo come\u00e7ou. Hoje, chegar a 13\u00aa medalha, mostra a consist\u00eancia do nosso trabalho e estou muito feliz com mais essa conquista&#8221;, disse a baiana, de 30 anos, ao site da Confedera\u00e7\u00e3o Brasileira de Desportos Aqu\u00e1ticos (CBDA).<\/p>\n<p>Ana Marcela cai novamente nas \u00e1guas de Budapeste na quarta-feira (29), \u00e0s 3h (hor\u00e1rio de Bras\u00edlia), para a prova de dez quil\u00f4metros, dist\u00e2ncia ol\u00edmpica da modalidade na qual a brasileira foi medalhista de ouro nos Jogos de T\u00f3quio (Jap\u00e3o), no ano passado. Na quinta-feira (30), \u00e0s 4h, ser\u00e1 a vez dos 25 quil\u00f4metros, disputa em que \u00e9 tetracampe\u00e3 mundial.<\/p>\n<p>Na prova masculina de cinco quil\u00f4metros, o Brasil foi representado pelo paulistano Bruce Hanson (21\u00ba) e pelo carioca Gabriel Arteiro (22\u00ba). Foi a estreia deles em provas individuais em Mundiais. Bruce volta a competir na quinta, \u00e0s 7h, com o carioca Guilherme Costa, o &#8220;Cachorr\u00e3o&#8221;, nos dez quil\u00f4metros.<\/p>\n<h2>Ingrid faz hist\u00f3ria<\/h2>\n<p>Tamb\u00e9m nesta segunda-feira, Ingrid Oliveira terminou a prova da plataforma de dez metros de saltos ornamentais na quarta posi\u00e7\u00e3o, com 327.10 pontos. O resultado da carioca, de 26 anos, foi o melhor da hist\u00f3ria do Brasil na modalidade em Mundiais, superando a quinta coloca\u00e7\u00e3o do brasiliense Cesar Castro no trampolim de tr\u00eas metros na edi\u00e7\u00e3o de Roma (It\u00e1lia), em 2009.<\/p>\n<p>Ingrid brigou pelo p\u00f3dio com a malaia Pandelela Pamg (que levou o bronze, com 338.85 pontos) e com a canadense Caeli Mckay (que ficou em quinto, com 318.45 pontos). A medalha de ouro ficou com a chinesa Yuxi Chen (417.25 pontos), que teve a compatriota Hongchan Quan (416.95 pontos) na sequ\u00eancia. Ambas tamb\u00e9m estiveram no p\u00f3dio em T\u00f3quio, com Quan em primeiro e Chen em segundo.<\/p>\n<p><span style=\"font-weight: 400;\">Fonte: Ag\u00eancia Brasil <\/span><\/p>\n","protected":false},"excerpt":{"rendered":"<p>A baiana Ana Marcela Cunha conquistou, nesta segunda-feira (27), a medalha de ouro na prova de cinco quil\u00f4metros em \u00e1guas abertas no Campeonato Mundial de Esportes Aqu\u00e1ticos, realizado em Budapeste (Hungria). A brasileira completou o percurso em 57min52s90, menos de um segundo \u00e0 frente da francesa Angelie Muller, segunda colocada. A italiana Giulia Gabbrielleschi levou [&hellip;]<\/p>\n","protected":false},"author":246,"featured_media":200820,"comment_status":"closed","ping_status":"closed","sticky":false,"template":"","format":"standard","meta":{"footnotes":""},"categories":[436,440,257,439],"tags":[],"class_list":["post-200819","post","type-post","status-publish","format-standard","has-post-thumbnail","hentry","category-destaque-da-semana","category-destaques-do-dia","category-esporte","category-ultima-hora"],"_links":{"self":[{"href":"https:\/\/diarioregionaldigital.com.br\/index.php?rest_route=\/wp\/v2\/posts\/200819","targetHints":{"allow":["GET"]}}],"collection":[{"href":"https:\/\/diarioregionaldigital.com.br\/index.php?rest_route=\/wp\/v2\/posts"}],"about":[{"href":"https:\/\/diarioregionaldigital.com.br\/index.php?rest_route=\/wp\/v2\/types\/post"}],"author":[{"embeddable":true,"href":"https:\/\/diarioregionaldigital.com.br\/index.php?rest_route=\/wp\/v2\/users\/246"}],"replies":[{"embeddable":true,"href":"https:\/\/diarioregionaldigital.com.br\/index.php?rest_route=%2Fwp%2Fv2%2Fcomments&post=200819"}],"version-history":[{"count":1,"href":"https:\/\/diarioregionaldigital.com.br\/index.php?rest_route=\/wp\/v2\/posts\/200819\/revisions"}],"predecessor-version":[{"id":200821,"href":"https:\/\/diarioregionaldigital.com.br\/index.php?rest_route=\/wp\/v2\/posts\/200819\/revisions\/200821"}],"wp:featuredmedia":[{"embeddable":true,"href":"https:\/\/diarioregionaldigital.com.br\/index.php?rest_route=\/wp\/v2\/media\/200820"}],"wp:attachment":[{"href":"https:\/\/diarioregionaldigital.com.br\/index.php?rest_route=%2Fwp%2Fv2%2Fmedia&parent=200819"}],"wp:term":[{"taxonomy":"category","embeddable":true,"href":"https:\/\/diarioregionaldigital.com.br\/index.php?rest_route=%2Fwp%2Fv2%2Fcategories&post=200819"},{"taxonomy":"post_tag","embeddable":true,"href":"https:\/\/diarioregionaldigital.com.br\/index.php?rest_route=%2Fwp%2Fv2%2Ftags&post=200819"}],"curies":[{"name":"wp","href":"https:\/\/api.w.org\/{rel}","templated":true}]}}