{"id":200816,"date":"2022-06-27T20:11:58","date_gmt":"2022-06-27T23:11:58","guid":{"rendered":"https:\/\/diarioregionaldigital.com.br\/?p=200816"},"modified":"2022-06-27T20:11:58","modified_gmt":"2022-06-27T23:11:58","slug":"confira-as-mais-de-11-mil-vagas-de-emprego-disponiveis-em-postos-do-sine-em-minas-gerais","status":"publish","type":"post","link":"https:\/\/diarioregionaldigital.com.br\/?p=200816","title":{"rendered":"Confira as mais de 11 mil vagas de emprego dispon\u00edveis em postos do Sine em Minas Gerais"},"content":{"rendered":"<p>A \u00faltima semana de junho come\u00e7a com mais de 11 mil oportunidades de trabalho em Minas Gerais, segundo o\u00a0<a href=\"https:\/\/app.powerbi.com\/view?r=eyJrIjoiZWZjNWFmOWMtMTYwNS00ZDQ3LWFhOTgtMTU5YTQwZmE5ZTJiIiwidCI6ImMwZTY1MzllLThjZGUtNDZlNy1hOTc4LWI1YTNmZTlmMGMzOSJ9&amp;pageName=ReportSection\" target=\"_blank\" rel=\"noopener\">Painel de Informa\u00e7\u00f5es sobre o Sistema Nacional de Emprego (Sine\/MG)<\/a>. A ferramenta \u00e9 administrada pela\u00a0<a href=\"https:\/\/social.mg.gov.br\/\" target=\"_blank\" rel=\"noopener\">Secretaria de Estado de Desenvolvimento Social (Sedese)<\/a>.<\/p>\n<p>Segundo a atualiza\u00e7\u00e3o desta segunda-feira (27\/6), o total de vagas chega a 11.161, sendo que 322 s\u00e3o para pessoas com defici\u00eancia (PCDs).<\/p>\n<p>A maior parte das oportunidades est\u00e1 dispon\u00edvel no Sine Uberl\u00e2ndia, no Tri\u00e2ngulo Mineiro, que realiza a intermedia\u00e7\u00e3o de candidatos para 2.226 vagas. Logo em seguida est\u00e1 o Sine Mariana, com 1.144 vagas dispon\u00edveis, o Sine BH Central de Vagas, com 880, o Sine Ituiutaba, com 450 vagas, e o Sine Itabirito, com 330 oportunidades.<\/p>\n<p>Ainda segundo o painel, a ocupa\u00e7\u00e3o com mais vagas dispon\u00edveis \u00e9 servente de obras, com 1.324 vagas, seguida por alimentador de linha de produ\u00e7\u00e3o (932), pedreiro (695), motorista de caminh\u00e3o \u2013 rotas regionais e internacionais (600) e operador de telemarketing ativo e receptivo (333).<\/p>\n<p>Minas Gerais conta com 133 unidades do Sine. Todas as vagas de emprego est\u00e3o dispon\u00edveis no\u00a0<a href=\"https:\/\/empregabrasil.mte.gov.br\/\" target=\"_blank\" rel=\"noopener\">Portal Emprega Brasil<\/a>. Interessados tamb\u00e9m podem se cadastrar no aplicativo Sine F\u00e1cil, dispon\u00edvel para os aparelhos celulares com sistemas operacionais Android ou iOS. O atendimento presencial de intermedia\u00e7\u00e3o de m\u00e3o de obra nas unidades \u00e9 feito por meio de\u00a0<a href=\"https:\/\/www.mg.gov.br\/servico\/intermediar-mao-de-obra\" target=\"_blank\" rel=\"noopener\">agendamento pela internet<\/a>.<\/p>\n<p><strong>Painel do Sine<\/strong><\/p>\n<p>A consulta ao Painel de Informa\u00e7\u00f5es sobre o Sine\/MG foi disponibilizada pelo\u00a0<a href=\"https:\/\/www.mg.gov.br\/\" target=\"_blank\" rel=\"noopener\">Governo de Minas<\/a>\u00a0em fevereiro deste ano. Pela internet, o trabalhador pode ter acesso \u00e0s oportunidades dispon\u00edveis em todas as unidades do estado. H\u00e1 filtros por regi\u00e3o, munic\u00edpio, ocupa\u00e7\u00f5es e unidades.<\/p>\n<p><span style=\"font-weight: 400;\">Fonte: Ag\u00eancia Minas <\/span><\/p>\n","protected":false},"excerpt":{"rendered":"<p>A \u00faltima semana de junho come\u00e7a com mais de 11 mil oportunidades de trabalho em Minas Gerais, segundo o\u00a0Painel de Informa\u00e7\u00f5es sobre o Sistema Nacional de Emprego (Sine\/MG). A ferramenta \u00e9 administrada pela\u00a0Secretaria de Estado de Desenvolvimento Social (Sedese). Segundo a atualiza\u00e7\u00e3o desta segunda-feira (27\/6), o total de vagas chega a 11.161, sendo que 322 [&hellip;]<\/p>\n","protected":false},"author":246,"featured_media":200817,"comment_status":"closed","ping_status":"closed","sticky":false,"template":"","format":"standard","meta":{"footnotes":""},"categories":[436,254,439],"tags":[],"class_list":["post-200816","post","type-post","status-publish","format-standard","has-post-thumbnail","hentry","category-destaque-da-semana","category-politica","category-ultima-hora"],"_links":{"self":[{"href":"https:\/\/diarioregionaldigital.com.br\/index.php?rest_route=\/wp\/v2\/posts\/200816","targetHints":{"allow":["GET"]}}],"collection":[{"href":"https:\/\/diarioregionaldigital.com.br\/index.php?rest_route=\/wp\/v2\/posts"}],"about":[{"href":"https:\/\/diarioregionaldigital.com.br\/index.php?rest_route=\/wp\/v2\/types\/post"}],"author":[{"embeddable":true,"href":"https:\/\/diarioregionaldigital.com.br\/index.php?rest_route=\/wp\/v2\/users\/246"}],"replies":[{"embeddable":true,"href":"https:\/\/diarioregionaldigital.com.br\/index.php?rest_route=%2Fwp%2Fv2%2Fcomments&post=200816"}],"version-history":[{"count":1,"href":"https:\/\/diarioregionaldigital.com.br\/index.php?rest_route=\/wp\/v2\/posts\/200816\/revisions"}],"predecessor-version":[{"id":200818,"href":"https:\/\/diarioregionaldigital.com.br\/index.php?rest_route=\/wp\/v2\/posts\/200816\/revisions\/200818"}],"wp:featuredmedia":[{"embeddable":true,"href":"https:\/\/diarioregionaldigital.com.br\/index.php?rest_route=\/wp\/v2\/media\/200817"}],"wp:attachment":[{"href":"https:\/\/diarioregionaldigital.com.br\/index.php?rest_route=%2Fwp%2Fv2%2Fmedia&parent=200816"}],"wp:term":[{"taxonomy":"category","embeddable":true,"href":"https:\/\/diarioregionaldigital.com.br\/index.php?rest_route=%2Fwp%2Fv2%2Fcategories&post=200816"},{"taxonomy":"post_tag","embeddable":true,"href":"https:\/\/diarioregionaldigital.com.br\/index.php?rest_route=%2Fwp%2Fv2%2Ftags&post=200816"}],"curies":[{"name":"wp","href":"https:\/\/api.w.org\/{rel}","templated":true}]}}