{"id":200812,"date":"2022-06-27T20:10:39","date_gmt":"2022-06-27T23:10:39","guid":{"rendered":"https:\/\/diarioregionaldigital.com.br\/?p=200812"},"modified":"2022-06-27T20:10:39","modified_gmt":"2022-06-27T23:10:39","slug":"convenios-com-municipios-fortalecem-obras-de-recuperacao-de-rodovias-mineiras","status":"publish","type":"post","link":"https:\/\/diarioregionaldigital.com.br\/?p=200812","title":{"rendered":"Conv\u00eanios com munic\u00edpios fortalecem obras de recupera\u00e7\u00e3o de rodovias mineiras"},"content":{"rendered":"<p>Seis conv\u00eanios assinados pelo<a href=\"https:\/\/www.mg.gov.br\/\" target=\"_blank\" rel=\"noopener\">\u00a0Governo de Minas<\/a>\u00a0com prefeituras mineiras v\u00e3o contribuir para a melhoria das estradas sob gest\u00e3o do estado. S\u00e3o interven\u00e7\u00f5es para melhoramento de vias, pavimenta\u00e7\u00e3o, sinaliza\u00e7\u00e3o e de constru\u00e7\u00e3o de pontes, todas elas previstas no Provias, maior pacote de obras da \u00faltima d\u00e9cada.<\/p>\n<p>As parcerias entre o Estado e munic\u00edpios v\u00e3o ajudar a viabilizar obras de infraestrutura, solucionar parte dos gargalos log\u00edsticos que ainda existem no estado e contribuir para o desenvolvimento das cidades.<\/p>\n<p>Al\u00e9m dos recursos do Governo de Minas, as obras v\u00e3o receber contrapartidas dos munic\u00edpios, com valores variando conforme cada projeto. O investimento total nas seis obras soma cerca de R$ 54 milh\u00f5es.<\/p>\n<p>Entre os conv\u00eanios, est\u00e1 o trecho de aproximadamente 17 quil\u00f4metros da MG-295, entre Cambu\u00ed e Consola\u00e7\u00e3o, no Sul de Minas. Na mesma regi\u00e3o, ser\u00e3o contemplados servi\u00e7os na LMG-881, entre Itamonte e Alagoa, num trecho de sete quil\u00f4metros.<\/p>\n<p>Na Zona da Mata, as obras por meio de conv\u00eanios com as prefeituras v\u00e3o beneficiar a MG-871, entre Lima Duarte e acesso ao Parque de Ibitipoca, em um trecho de aproximadamente 13 quil\u00f4metros.<\/p>\n<p><strong>Centro-Oeste mineiro<\/strong><\/p>\n<p>Na MG-252, no Centro-Oeste, as interven\u00e7\u00f5es seguem em dois trechos. O primeiro, de seis quil\u00f4metros, entre Ara\u00fajos e Santo Ant\u00f4nio do Monte, e o outro, do entroncamento da MG-170, em Moema, at\u00e9 o entroncamento da MG-251 com MG-164, em um percurso de cinco quil\u00f4metros.<\/p>\n<p>Por fim, a rodovia municipal que liga Jaboticatubas ao distrito de S\u00e3o Jos\u00e9 de Almeida, na Regi\u00e3o Metropolitana de Belo Horizonte, tamb\u00e9m vai ser contemplada com a pavimenta\u00e7\u00e3o de quatro quil\u00f4metros.<\/p>\n<p>O secret\u00e1rio de Estado de Infraestrutura e Mobilidade, Fernando Marcato, destaca que o di\u00e1logo e as sucessivas parcerias tem sido a caracter\u00edstica fundamental do Governo de Minas. \u201cTemos governado com todas as prefeituras, n\u00e3o importa a colora\u00e7\u00e3o partid\u00e1ria ou a orienta\u00e7\u00e3o ideol\u00f3gica\u201d, avalia.<\/p>\n<p><span style=\"font-weight: 400;\">Fonte: Ag\u00eancia Minas <\/span><\/p>\n","protected":false},"excerpt":{"rendered":"<p>Seis conv\u00eanios assinados pelo\u00a0Governo de Minas\u00a0com prefeituras mineiras v\u00e3o contribuir para a melhoria das estradas sob gest\u00e3o do estado. S\u00e3o interven\u00e7\u00f5es para melhoramento de vias, pavimenta\u00e7\u00e3o, sinaliza\u00e7\u00e3o e de constru\u00e7\u00e3o de pontes, todas elas previstas no Provias, maior pacote de obras da \u00faltima d\u00e9cada. As parcerias entre o Estado e munic\u00edpios v\u00e3o ajudar a viabilizar [&hellip;]<\/p>\n","protected":false},"author":246,"featured_media":200813,"comment_status":"closed","ping_status":"closed","sticky":false,"template":"","format":"standard","meta":{"footnotes":""},"categories":[436,254,439],"tags":[],"class_list":["post-200812","post","type-post","status-publish","format-standard","has-post-thumbnail","hentry","category-destaque-da-semana","category-politica","category-ultima-hora"],"_links":{"self":[{"href":"https:\/\/diarioregionaldigital.com.br\/index.php?rest_route=\/wp\/v2\/posts\/200812","targetHints":{"allow":["GET"]}}],"collection":[{"href":"https:\/\/diarioregionaldigital.com.br\/index.php?rest_route=\/wp\/v2\/posts"}],"about":[{"href":"https:\/\/diarioregionaldigital.com.br\/index.php?rest_route=\/wp\/v2\/types\/post"}],"author":[{"embeddable":true,"href":"https:\/\/diarioregionaldigital.com.br\/index.php?rest_route=\/wp\/v2\/users\/246"}],"replies":[{"embeddable":true,"href":"https:\/\/diarioregionaldigital.com.br\/index.php?rest_route=%2Fwp%2Fv2%2Fcomments&post=200812"}],"version-history":[{"count":2,"href":"https:\/\/diarioregionaldigital.com.br\/index.php?rest_route=\/wp\/v2\/posts\/200812\/revisions"}],"predecessor-version":[{"id":200815,"href":"https:\/\/diarioregionaldigital.com.br\/index.php?rest_route=\/wp\/v2\/posts\/200812\/revisions\/200815"}],"wp:featuredmedia":[{"embeddable":true,"href":"https:\/\/diarioregionaldigital.com.br\/index.php?rest_route=\/wp\/v2\/media\/200813"}],"wp:attachment":[{"href":"https:\/\/diarioregionaldigital.com.br\/index.php?rest_route=%2Fwp%2Fv2%2Fmedia&parent=200812"}],"wp:term":[{"taxonomy":"category","embeddable":true,"href":"https:\/\/diarioregionaldigital.com.br\/index.php?rest_route=%2Fwp%2Fv2%2Fcategories&post=200812"},{"taxonomy":"post_tag","embeddable":true,"href":"https:\/\/diarioregionaldigital.com.br\/index.php?rest_route=%2Fwp%2Fv2%2Ftags&post=200812"}],"curies":[{"name":"wp","href":"https:\/\/api.w.org\/{rel}","templated":true}]}}