{"id":200809,"date":"2022-06-27T20:09:14","date_gmt":"2022-06-27T23:09:14","guid":{"rendered":"https:\/\/diarioregionaldigital.com.br\/?p=200809"},"modified":"2022-06-27T20:09:14","modified_gmt":"2022-06-27T23:09:14","slug":"dezoito-municipios-atingidos-pelo-rompimento-de-barragens-em-brumadinho-ja-receberam-maquinas-para-manutencao-de-estradas","status":"publish","type":"post","link":"https:\/\/diarioregionaldigital.com.br\/?p=200809","title":{"rendered":"Dezoito munic\u00edpios atingidos pelo rompimento de barragens em Brumadinho j\u00e1 receberam m\u00e1quinas para manuten\u00e7\u00e3o de estradas"},"content":{"rendered":"<p>S\u00e3o Joaquim de Bicas, na Regi\u00e3o Metropolitana de Belo Horizonte, recebeu um caminh\u00e3o-pipa, no valor aproximado de R$ 487 mil, na manh\u00e3 desta segunda-feira (27\/6), como parte das a\u00e7\u00f5es de repara\u00e7\u00e3o socioecon\u00f4mica pelo rompimento das barragens em Brumadinho. Assim, j\u00e1 s\u00e3o 18 munic\u00edpios contemplados com pelo menos uma m\u00e1quina para recupera\u00e7\u00e3o sustent\u00e1vel de estradas rurais. Ao longo de 2022, ser\u00e3o entregues 75 ve\u00edculos para 25 cidades da bacia do Rio Paraopeba, tr\u00eas para cada.<\/p>\n<p>As entregas fazem parte do projeto \u201cManuten\u00e7\u00e3o de estradas rurais e trabalhos de recupera\u00e7\u00e3o ambiental\u201d, do anexo I.3 do\u00a0<a href=\"https:\/\/www.mg.gov.br\/pro-brumadinho\/pagina\/entenda-o-acordo-judicial\" target=\"_blank\" rel=\"noopener\">Termo de Repara\u00e7\u00e3o<\/a>\u00a0com a Vale. S\u00e3o compromitentes do acordo o\u00a0<a href=\"https:\/\/www.mg.gov.br\/\" target=\"_blank\" rel=\"noopener\">Governo de Minas Gerais<\/a>, o Minist\u00e9rio P\u00fablico de Minas Gerais (MPMG), o Minist\u00e9rio P\u00fablico Federal (MPF), a Defensoria P\u00fablica de Minas Gerais e a mineradora Vale.<\/p>\n<p>A secret\u00e1ria de\u00a0<a href=\"https:\/\/planejamento.mg.gov.br\/\" target=\"_blank\" rel=\"noopener\">Planejamento e Gest\u00e3o de Minas Gerais (Seplag)<\/a>, Lu\u00edsa Barreto, solidarizou-se com as v\u00edtimas da trag\u00e9dia e reafirmou o compromisso dos \u00f3rg\u00e3os p\u00fablicos em mitigar os preju\u00edzos causados nas cidades atingidas.<\/p>\n<p>\u201cA entrega desses maquin\u00e1rios ir\u00e1 contribuir com a melhoria das estradas, com o aprimoramento da mobilidade e da economia local. Sabemos que as perdas provocadas pelo rompimento das barragens s\u00e3o irrepar\u00e1veis, mas o Governo de Minas, como compromitente do Termo de Repara\u00e7\u00e3o, est\u00e1 trabalhando com muito empenho para reparar os danos socioecon\u00f4micos e socioambientais\u201d, explicou.<\/p>\n<p><strong>Balan\u00e7o<\/strong><\/p>\n<p>Felixl\u00e2ndia, na regi\u00e3o Central de Minas, foi a primeira localidade a receber os tr\u00eas equipamentos aos quais tem direito, durante este m\u00eas de junho. Outras tr\u00eas prefeituras foram contempladas com dois maquin\u00e1rios cada &#8211; Abaet\u00e9, Betim e Esmeraldas. E mais 13, al\u00e9m de S\u00e3o Joaquim de Bicas, com as primeiras entregas: Caetan\u00f3polis, Curvelo, Florestal, Fortuna de Minas, Igarap\u00e9, Juatuba, M\u00e1rio Campos, Mateus Leme, Morada Nova de Minas, Paineiras, Paraopeba, Pequi e Pomp\u00e9u.<\/p>\n<p>At\u00e9 o momento, 23 m\u00e1quinas foram entregues, n\u00famero correspondente a 30% do total. S\u00e3o elas: 11 motoniveladoras (custo individual de R$ 975 mil), cinco p\u00e1-carregadeiras (R$ 622 mil cada), dois caminh\u00f5es-ca\u00e7amba (R$ 658,5 mil e R$ 495,9 mil), duas retroescavadeiras (R$ 412 mil por maquin\u00e1rio), um caminh\u00e3o-basculante (R$ 438 mil), um caminh\u00e3o-carro\u00e7a (aproximadamente R$ 250 mil) e o caminh\u00e3o-pipa transferido nesta segunda-feira, no valor de R$ 487 mil.<\/p>\n<p>Est\u00e3o na lista de futuros recebedores Biquinhas, Maravilhas, Papagaios, Par\u00e1 de Minas, S\u00e3o Gon\u00e7alo do Abaet\u00e9, S\u00e3o Jos\u00e9 de Varginha e Tr\u00eas Marias. A previs\u00e3o \u00e9 a de que o primeiro ve\u00edculo de Biquinhas seja concedido \u00e0 prefeitura ainda nesta semana.<\/p>\n<p>Os equipamentos s\u00e3o escolhidos pelos gestores municipais, conforme as necessidades dos respectivos munic\u00edpios. J\u00e1 as transfer\u00eancias, pelos fornecedores, obedecem \u00e0 disponibilidade desses insumos no mercado.<\/p>\n<p><strong>S\u00e3o Joaquim de Bicas<\/strong><\/p>\n<p>O subsecret\u00e1rio de Agricultura Familiar e Desenvolvimento Rural Sustent\u00e1vel,\u00a0Ricardo Demicheli, acompanhou a entrega do caminh\u00e3o-pipa em S\u00e3o Joaquim de Bicas nesta manh\u00e3 e destacou que este e os outros dois equipamentos a serem recebidos pelo munic\u00edpio ser\u00e3o fundamentais para o desenvolvimento local.<\/p>\n<p>&#8220;Os ve\u00edculos ter\u00e3o a fun\u00e7\u00e3o de manuten\u00e7\u00e3o das estradas rurais do munic\u00edpio, de forma ecol\u00f3gica. Essas vias s\u00e3o de maior import\u00e2ncia para o escoamento da produ\u00e7\u00e3o agropecu\u00e1ria, para a mobilidade dos trabalhadores e produtores e para o acesso \u00e0s escolas rurais&#8221;, afirmou Demicheli.<\/p>\n<p>O prefeito Antonio Augusto Resende Maia agradeceu ao Estado e ao sistema judici\u00e1rio pelo empenho para o cumprimento do Termo de Repara\u00e7\u00e3o. &#8220;Este caminh\u00e3o-pipa vem para ajudar a cuidar da nossa popula\u00e7\u00e3o. Estamos em um momento de muita poeira, vai auxiliar muito na qualidade de vida das pessoas, a levar \u00e1gua para onde precisa&#8221;, avaliou.<\/p>\n<p><strong>Repara\u00e7\u00e3o<\/strong><\/p>\n<p>O projeto de repara\u00e7\u00e3o prev\u00ea tamb\u00e9m uma segunda fase, em execu\u00e7\u00e3o, com capacita\u00e7\u00f5es t\u00e9cnicas para servidores das prefeituras, voltadas para o uso dos ve\u00edculos em uma recupera\u00e7\u00e3o sustent\u00e1vel e ecol\u00f3gica das estradas. Ambas as etapas do projeto somam um investimento de aproximadamente R$ 51,5 milh\u00f5es, sendo R$ 48.976.064 para a fase 1 e R$ 2.519.397 para a fase 2.<\/p>\n<p>Os anexos I.3 e I.4 do Termo de Repara\u00e7\u00e3o incluem nove projetos em execu\u00e7\u00e3o nos 25 munic\u00edpios da bacia do Paraopeba e sete projetos iniciados em Brumadinho. Encontram-se em detalhamento, pela mineradora, os projetos selecionados ap\u00f3s o processo de consulta popular. No total, foram 112 iniciativas selecionadas, com a participa\u00e7\u00e3o da popula\u00e7\u00e3o atingida, que apontou as prioridades para investimentos.<\/p>\n<p>O termo tem como objetivo reparar os danos causados pelo rompimento das barragens* da Vale S.A. em Brumadinho, que tirou a vida de 272 pessoas e gerou uma s\u00e9rie de impactos sociais, ambientais e econ\u00f4micos na bacia do Rio Paraopeba e em todo o estado.<\/p>\n<p><span style=\"font-weight: 400;\">Fonte: Ag\u00eancia Minas <\/span><\/p>\n","protected":false},"excerpt":{"rendered":"<p>S\u00e3o Joaquim de Bicas, na Regi\u00e3o Metropolitana de Belo Horizonte, recebeu um caminh\u00e3o-pipa, no valor aproximado de R$ 487 mil, na manh\u00e3 desta segunda-feira (27\/6), como parte das a\u00e7\u00f5es de repara\u00e7\u00e3o socioecon\u00f4mica pelo rompimento das barragens em Brumadinho. Assim, j\u00e1 s\u00e3o 18 munic\u00edpios contemplados com pelo menos uma m\u00e1quina para recupera\u00e7\u00e3o sustent\u00e1vel de estradas rurais. [&hellip;]<\/p>\n","protected":false},"author":246,"featured_media":200810,"comment_status":"closed","ping_status":"closed","sticky":false,"template":"","format":"standard","meta":{"footnotes":""},"categories":[436,254,439],"tags":[],"class_list":["post-200809","post","type-post","status-publish","format-standard","has-post-thumbnail","hentry","category-destaque-da-semana","category-politica","category-ultima-hora"],"_links":{"self":[{"href":"https:\/\/diarioregionaldigital.com.br\/index.php?rest_route=\/wp\/v2\/posts\/200809","targetHints":{"allow":["GET"]}}],"collection":[{"href":"https:\/\/diarioregionaldigital.com.br\/index.php?rest_route=\/wp\/v2\/posts"}],"about":[{"href":"https:\/\/diarioregionaldigital.com.br\/index.php?rest_route=\/wp\/v2\/types\/post"}],"author":[{"embeddable":true,"href":"https:\/\/diarioregionaldigital.com.br\/index.php?rest_route=\/wp\/v2\/users\/246"}],"replies":[{"embeddable":true,"href":"https:\/\/diarioregionaldigital.com.br\/index.php?rest_route=%2Fwp%2Fv2%2Fcomments&post=200809"}],"version-history":[{"count":1,"href":"https:\/\/diarioregionaldigital.com.br\/index.php?rest_route=\/wp\/v2\/posts\/200809\/revisions"}],"predecessor-version":[{"id":200811,"href":"https:\/\/diarioregionaldigital.com.br\/index.php?rest_route=\/wp\/v2\/posts\/200809\/revisions\/200811"}],"wp:featuredmedia":[{"embeddable":true,"href":"https:\/\/diarioregionaldigital.com.br\/index.php?rest_route=\/wp\/v2\/media\/200810"}],"wp:attachment":[{"href":"https:\/\/diarioregionaldigital.com.br\/index.php?rest_route=%2Fwp%2Fv2%2Fmedia&parent=200809"}],"wp:term":[{"taxonomy":"category","embeddable":true,"href":"https:\/\/diarioregionaldigital.com.br\/index.php?rest_route=%2Fwp%2Fv2%2Fcategories&post=200809"},{"taxonomy":"post_tag","embeddable":true,"href":"https:\/\/diarioregionaldigital.com.br\/index.php?rest_route=%2Fwp%2Fv2%2Ftags&post=200809"}],"curies":[{"name":"wp","href":"https:\/\/api.w.org\/{rel}","templated":true}]}}