{"id":200806,"date":"2022-06-27T20:06:52","date_gmt":"2022-06-27T23:06:52","guid":{"rendered":"https:\/\/diarioregionaldigital.com.br\/?p=200806"},"modified":"2022-06-27T20:06:52","modified_gmt":"2022-06-27T23:06:52","slug":"governo-de-minas-avanca-estudos-para-ampliacao-de-areas-protegidas-na-serra-do-curral","status":"publish","type":"post","link":"https:\/\/diarioregionaldigital.com.br\/?p=200806","title":{"rendered":"Governo de Minas avan\u00e7a estudos para amplia\u00e7\u00e3o de \u00e1reas protegidas na Serra do Curral"},"content":{"rendered":"<p>Atendendo \u00e0 determina\u00e7\u00e3o do governador Romeu Zema, que estabeleceu como prioridade a realiza\u00e7\u00e3o de estudos para a cria\u00e7\u00e3o de Unidade de Conserva\u00e7\u00e3o na Serra do Curral, a secret\u00e1ria de Estado de\u00a0<a href=\"http:\/\/www.meioambiente.mg.gov.br\/\" target=\"_blank\" rel=\"noopener\">Meio Ambiente e Desenvolvimento Sustent\u00e1vel (Semad)<\/a>, Mar\u00edlia Melo, reuniu-se nesta segunda-feira (27\/6) com o diretor de unidades de conserva\u00e7\u00e3o do\u00a0<a href=\"http:\/\/www.ief.mg.gov.br\/\" target=\"_blank\" rel=\"noopener\">Instituto Estadual de Florestas (IEF)<\/a>, Breno Esteves Lasmar, e com o superintendente de gest\u00e3o ambiental da Semad, Diogo Franco, na Cidade Administrativa.<\/p>\n<p>O objetivo do\u00a0<a href=\"https:\/\/www.mg.gov.br\/\" target=\"_blank\" rel=\"noopener\">Governo de Minas<\/a>, por meio da Semad e do IEF, \u00e9 avan\u00e7ar em uma proposta de amplia\u00e7\u00e3o de \u00e1reas protegidas na Serra do Curral. O estudo abrange os munic\u00edpios de Nova Lima, Sabar\u00e1 e Belo Horizonte. A \u00e1rea preliminar levantada equivale a 1,8 mil\u00a0campos de futebol. A ideia \u00e9 que no espa\u00e7o possa ser institu\u00eddo um conjunto de unidades de conserva\u00e7\u00e3o, que englobaria as cidades envolvidas.<\/p>\n<p>\u201cA partir do despacho governamental do governador Romeu Zema, o Sistema Estadual de Meio Ambiente e Recursos H\u00eddricos, por meio da Semad e do Instituto Estadual de Florestas, inicia o estudo para a cria\u00e7\u00e3o do Parque Metropolitano da Serra do Curral. O conceito do parque se refere a um conjunto de unidades de conserva\u00e7\u00e3o que ser\u00e3o criadas para a prote\u00e7\u00e3o ambiental dessa relevante \u00e1rea do nosso estado. Estamos estudando \u00e1reas conforme sua relev\u00e2ncia ecol\u00f3gica para definir os tipos de unidade de conserva\u00e7\u00e3o que ser\u00e3o criados, resultando em um mosaico de prote\u00e7\u00e3o em toda \u00e1rea da Serra do Curral\u201d, explicou a secret\u00e1ria.<\/p>\n<p><strong>Reuni\u00f5es peri\u00f3dicas<\/strong><\/p>\n<p>Segundo a secret\u00e1ria, esse grupo ter\u00e1 reuni\u00f5es peri\u00f3dicas para determinar o formato final do conjunto de unidades de conserva\u00e7\u00e3o. As categorias das unidades, com caracter\u00edsticas\u00a0definidas em estudo mais aprofundado, ser\u00e3o de prote\u00e7\u00e3o integral, o que ir\u00e1 garantir sua preserva\u00e7\u00e3o definitiva para a sociedade mineira e para as futuras gera\u00e7\u00f5es.<\/p>\n<p>Adicionalmente, as \u00e1reas tamb\u00e9m se conectam com unidades de conserva\u00e7\u00e3o p\u00fablicas e privadas, a exemplo da Reserva do Jambreiro e do Parque Estadual da Baleia, entre outros, formando um grande corredor de prote\u00e7\u00e3o efetiva na Serra do Curral.<\/p>\n<p>As propostas t\u00eam como base a prote\u00e7\u00e3o de \u00e1reas ambientalmente relevantes majoritariamente preservadas por fragmentos de forma\u00e7\u00f5es florestais, campos rupestres (quartz\u00edticos e ferruginosos) e vegeta\u00e7\u00e3o campestre. Al\u00e9m disso, apresentam diversas nascentes e tamb\u00e9m rios e c\u00f3rregos, de sub bacias afluentes do Rio das Velhas, de forma que a prote\u00e7\u00e3o integral dessas \u00e1reas ir\u00e1 beneficiar n\u00e3o s\u00f3 a popula\u00e7\u00e3o da regi\u00e3o, mas tamb\u00e9m todos os munic\u00edpios ao longo do curso do rio.<\/p>\n<p><strong>Prioridade de governo<\/strong><\/p>\n<p>No dia 14\/6, o governador Romeu Zema assinou decreto reconhecendo a Serra do Curral como \u00e1rea de relevante interesse cultural do estado em fun\u00e7\u00e3o de seu valor hist\u00f3rico, paisag\u00edstico, art\u00edstico, arqueol\u00f3gico, paleontol\u00f3gico, ecol\u00f3gico e cient\u00edfico.<\/p>\n<p>Na sequ\u00eancia, em 20\/6, atendendo a pleito do governador, o\u00a0<a href=\"http:\/\/www.iepha.mg.gov.br\/\" target=\"_blank\" rel=\"noopener\">Instituto Estadual do Patrim\u00f4nio Hist\u00f3rico e Art\u00edstico (Iepha)<\/a>\u00a0determinou o acautelamento provis\u00f3rio da Serra do Curral. Com a medida, qualquer expans\u00e3o ou novo empreendimento que provoque impacto na \u00e1rea delimitada precisa de aprova\u00e7\u00e3o do Iepha. \u00c9 a primeira vez na hist\u00f3ria do estado que essa medida de prote\u00e7\u00e3o provis\u00f3ria \u00e9 adotada.<\/p>\n<p>Em paralelo, Semad e IEF est\u00e3o atuando prioritariamente na proposta. A meta para publica\u00e7\u00e3o dos decretos para sua efetiva\u00e7\u00e3o, cumpridas as etapas t\u00e9cnicas necess\u00e1rias, entre eles a escuta \u00e0 sociedade, \u00e9 ainda este ano.<\/p>\n<p><span style=\"font-weight: 400;\"><br \/>\n<\/span><span style=\"font-weight: 400;\">Fonte: Ag\u00eancia Minas <\/span><\/p>\n","protected":false},"excerpt":{"rendered":"<p>Atendendo \u00e0 determina\u00e7\u00e3o do governador Romeu Zema, que estabeleceu como prioridade a realiza\u00e7\u00e3o de estudos para a cria\u00e7\u00e3o de Unidade de Conserva\u00e7\u00e3o na Serra do Curral, a secret\u00e1ria de Estado de\u00a0Meio Ambiente e Desenvolvimento Sustent\u00e1vel (Semad), Mar\u00edlia Melo, reuniu-se nesta segunda-feira (27\/6) com o diretor de unidades de conserva\u00e7\u00e3o do\u00a0Instituto Estadual de Florestas (IEF), Breno [&hellip;]<\/p>\n","protected":false},"author":246,"featured_media":200807,"comment_status":"closed","ping_status":"closed","sticky":false,"template":"","format":"standard","meta":{"footnotes":""},"categories":[436,440,254,439],"tags":[],"class_list":["post-200806","post","type-post","status-publish","format-standard","has-post-thumbnail","hentry","category-destaque-da-semana","category-destaques-do-dia","category-politica","category-ultima-hora"],"_links":{"self":[{"href":"https:\/\/diarioregionaldigital.com.br\/index.php?rest_route=\/wp\/v2\/posts\/200806","targetHints":{"allow":["GET"]}}],"collection":[{"href":"https:\/\/diarioregionaldigital.com.br\/index.php?rest_route=\/wp\/v2\/posts"}],"about":[{"href":"https:\/\/diarioregionaldigital.com.br\/index.php?rest_route=\/wp\/v2\/types\/post"}],"author":[{"embeddable":true,"href":"https:\/\/diarioregionaldigital.com.br\/index.php?rest_route=\/wp\/v2\/users\/246"}],"replies":[{"embeddable":true,"href":"https:\/\/diarioregionaldigital.com.br\/index.php?rest_route=%2Fwp%2Fv2%2Fcomments&post=200806"}],"version-history":[{"count":1,"href":"https:\/\/diarioregionaldigital.com.br\/index.php?rest_route=\/wp\/v2\/posts\/200806\/revisions"}],"predecessor-version":[{"id":200808,"href":"https:\/\/diarioregionaldigital.com.br\/index.php?rest_route=\/wp\/v2\/posts\/200806\/revisions\/200808"}],"wp:featuredmedia":[{"embeddable":true,"href":"https:\/\/diarioregionaldigital.com.br\/index.php?rest_route=\/wp\/v2\/media\/200807"}],"wp:attachment":[{"href":"https:\/\/diarioregionaldigital.com.br\/index.php?rest_route=%2Fwp%2Fv2%2Fmedia&parent=200806"}],"wp:term":[{"taxonomy":"category","embeddable":true,"href":"https:\/\/diarioregionaldigital.com.br\/index.php?rest_route=%2Fwp%2Fv2%2Fcategories&post=200806"},{"taxonomy":"post_tag","embeddable":true,"href":"https:\/\/diarioregionaldigital.com.br\/index.php?rest_route=%2Fwp%2Fv2%2Ftags&post=200806"}],"curies":[{"name":"wp","href":"https:\/\/api.w.org\/{rel}","templated":true}]}}