{"id":200800,"date":"2022-06-27T19:48:32","date_gmt":"2022-06-27T22:48:32","guid":{"rendered":"https:\/\/diarioregionaldigital.com.br\/?p=200800"},"modified":"2022-06-27T19:48:32","modified_gmt":"2022-06-27T22:48:32","slug":"presidente-do-bc-diz-que-o-pior-da-inflacao-ja-passou","status":"publish","type":"post","link":"https:\/\/diarioregionaldigital.com.br\/?p=200800","title":{"rendered":"Presidente do BC diz que o pior da infla\u00e7\u00e3o j\u00e1 passou"},"content":{"rendered":"<p>O presidente do Banco Central do Brasil, Roberto Campos Neto, disse hoje (27) que \u201co pior momento da infla\u00e7\u00e3o j\u00e1 passou\u201d, e que, gra\u00e7as ao hist\u00f3rico de conv\u00edvio que o Brasil teve com altos \u00edndices inflacion\u00e1rios, a autoridade monet\u00e1ria brasileira conseguiu \u201csair na frente\u201d, adotando ferramentas capazes de frear o processo inflacion\u00e1rio.<img decoding=\"async\" src=\"https:\/\/agenciabrasil.ebc.com.br\/ebc.png?id=1467892&amp;o=node\" \/><img decoding=\"async\" src=\"https:\/\/agenciabrasil.ebc.com.br\/ebc.gif?id=1467892&amp;o=node\" \/><\/p>\n<p>As afirma\u00e7\u00f5es foram feitas durante o painel Eros\u00e3o da Ordem P\u00fablica Internacional e o Futuro, no D\u00e9cimo F\u00f3rum Jur\u00eddico de Lisboa, na capital portuguesa. Durante o discurso, Neto lembrou que o Brasil \u201c\u00e9 um dos poucos pa\u00edses que no meio desse processo est\u00e1 tendo revis\u00f5es para cima\u201d do Produto Interno Bruto (PIB).<\/p>\n<p>\u201cInclusive a nossa \u00faltima revis\u00e3o no BC aumentou [a previs\u00e3o de crescimento do PIB] de 1,5% para 1,7% [em 2022]. Provavelmente teremos PIB forte no segundo trimestre. Obviamente, em algum momento, tudo que estamos fazendo vai gerar alguma desacelera\u00e7\u00e3o no segundo semestre. Mas ainda assim o crescimento \u00e9 bastante melhor do que se esperava no in\u00edcio do ciclo de a\u00e7\u00e3o\u201d, disse Campos Neto.<\/p>\n<p>A experi\u00eancia que o Brasil tem com o combate \u00e0 infla\u00e7\u00e3o tem ajudado na defini\u00e7\u00e3o estrat\u00e9gica para amenizar este problema. \u201cComo n\u00f3s no Brasil entendemos que era problema mais de demanda, na minha opini\u00e3o, at\u00e9 um pouco antes dos demais pa\u00edses, o BC do Brasil saiu na frente porque temos mem\u00f3ria de infla\u00e7\u00e3o muito maior, e mecanismos de indexa\u00e7\u00e3o muito mais vivos\u201d, disse.<\/p>\n<p>Campos Neto ressalta que todos os pa\u00edses est\u00e3o subindo juros e que, enquanto alguns pa\u00edses est\u00e3o no meio do caminho, o Brasil j\u00e1 est\u00e1 muito perto de ter feito o trabalho todo. \u201cVamos ver ainda alguns pa\u00edses subindo bastante os juros\u201d, acrescentou.<\/p>\n<p>Ainda segundo Campos Neto, o Brasil ainda apresenta um \u201ccomponente de acelera\u00e7\u00e3o de infla\u00e7\u00e3o\u201d. Ele, no entanto, disse acreditar que o pior momento da infla\u00e7\u00e3o j\u00e1 passou. \u201cTemos algumas medidas desenhadas pelo governo que ainda precisamos entender os efeitos delas no processo inflacion\u00e1rio, o que ainda n\u00e3o est\u00e1 claro, mas o Brasil fez o processo antecipado e acreditamos que nossa ferramenta \u00e9 capaz e vai frear o processo inflacion\u00e1rio\u201d.<\/p>\n<h2>Pre\u00e7os e investimentos<\/h2>\n<p>Na avalia\u00e7\u00e3o do presidente do BC brasileiro, os \u00edndices inflacion\u00e1rios que est\u00e3o sendo registrados em diversos pa\u00edses t\u00eam como origem uma \u201cdesconex\u00e3o entre pre\u00e7os e investimentos\u201d que vai al\u00e9m do petr\u00f3leo, abrangendo tamb\u00e9m os alimentos.<\/p>\n<p>\u201cOs governos est\u00e3o enfrentando o dilema de garantir seguran\u00e7a energ\u00e9tica e alimentar para a popula\u00e7\u00e3o\u201d, disse. Nesse sentido, \u201cmuitos pa\u00edses, em fun\u00e7\u00e3o da guerra, est\u00e3o adotando medidas protecionistas que est\u00e3o contaminando o resto da cadeia de infla\u00e7\u00e3o\u201d. \u201cE o anseio de gerar seguran\u00e7a alimentar e energ\u00e9tica dos governos est\u00e1 sendo feito de maneira descoordenada e gerando queda de investimento\u201d, acrescentou.<\/p>\n<p>Segundo Campos Neto, a falta de coordena\u00e7\u00e3o est\u00e1 gerando queda em investimentos tanto em energia quanto em alimentos. \u201cPrecisamos entender que quem produz alimentos e energia n\u00e3o \u00e9 o governo, mas o setor privado e que o governo tem de endere\u00e7ar o problema das classes sociais mais baixas, mas n\u00e3o pode se desviar das pr\u00e1ticas de mercado, porque, no final das contas, s\u00e3o os mercados que produzem alimentos e energia\u201d, completou.<\/p>\n<p><span style=\"font-weight: 400;\">Fonte: Ag\u00eancia Brasil <\/span><\/p>\n","protected":false},"excerpt":{"rendered":"<p>O presidente do Banco Central do Brasil, Roberto Campos Neto, disse hoje (27) que \u201co pior momento da infla\u00e7\u00e3o j\u00e1 passou\u201d, e que, gra\u00e7as ao hist\u00f3rico de conv\u00edvio que o Brasil teve com altos \u00edndices inflacion\u00e1rios, a autoridade monet\u00e1ria brasileira conseguiu \u201csair na frente\u201d, adotando ferramentas capazes de frear o processo inflacion\u00e1rio. As afirma\u00e7\u00f5es foram [&hellip;]<\/p>\n","protected":false},"author":246,"featured_media":200801,"comment_status":"closed","ping_status":"closed","sticky":false,"template":"","format":"standard","meta":{"footnotes":""},"categories":[436,261,439],"tags":[],"class_list":["post-200800","post","type-post","status-publish","format-standard","has-post-thumbnail","hentry","category-destaque-da-semana","category-economia","category-ultima-hora"],"_links":{"self":[{"href":"https:\/\/diarioregionaldigital.com.br\/index.php?rest_route=\/wp\/v2\/posts\/200800","targetHints":{"allow":["GET"]}}],"collection":[{"href":"https:\/\/diarioregionaldigital.com.br\/index.php?rest_route=\/wp\/v2\/posts"}],"about":[{"href":"https:\/\/diarioregionaldigital.com.br\/index.php?rest_route=\/wp\/v2\/types\/post"}],"author":[{"embeddable":true,"href":"https:\/\/diarioregionaldigital.com.br\/index.php?rest_route=\/wp\/v2\/users\/246"}],"replies":[{"embeddable":true,"href":"https:\/\/diarioregionaldigital.com.br\/index.php?rest_route=%2Fwp%2Fv2%2Fcomments&post=200800"}],"version-history":[{"count":1,"href":"https:\/\/diarioregionaldigital.com.br\/index.php?rest_route=\/wp\/v2\/posts\/200800\/revisions"}],"predecessor-version":[{"id":200802,"href":"https:\/\/diarioregionaldigital.com.br\/index.php?rest_route=\/wp\/v2\/posts\/200800\/revisions\/200802"}],"wp:featuredmedia":[{"embeddable":true,"href":"https:\/\/diarioregionaldigital.com.br\/index.php?rest_route=\/wp\/v2\/media\/200801"}],"wp:attachment":[{"href":"https:\/\/diarioregionaldigital.com.br\/index.php?rest_route=%2Fwp%2Fv2%2Fmedia&parent=200800"}],"wp:term":[{"taxonomy":"category","embeddable":true,"href":"https:\/\/diarioregionaldigital.com.br\/index.php?rest_route=%2Fwp%2Fv2%2Fcategories&post=200800"},{"taxonomy":"post_tag","embeddable":true,"href":"https:\/\/diarioregionaldigital.com.br\/index.php?rest_route=%2Fwp%2Fv2%2Ftags&post=200800"}],"curies":[{"name":"wp","href":"https:\/\/api.w.org\/{rel}","templated":true}]}}