{"id":200797,"date":"2022-06-27T19:46:55","date_gmt":"2022-06-27T22:46:55","guid":{"rendered":"https:\/\/diarioregionaldigital.com.br\/?p=200797"},"modified":"2022-06-27T19:46:55","modified_gmt":"2022-06-27T22:46:55","slug":"paes-de-andrade-e-nomeado-conselheiro-e-eleito-presidente-da-petrobras","status":"publish","type":"post","link":"https:\/\/diarioregionaldigital.com.br\/?p=200797","title":{"rendered":"Paes de Andrade \u00e9 nomeado conselheiro e eleito presidente da Petrobras"},"content":{"rendered":"<p>O Conselho de Administra\u00e7\u00e3o da Petrobras aprovou hoje (27) a nomea\u00e7\u00e3o de Caio M\u00e1rio Paes de Andrade como novo conselheiro, elegendo-o em seguida para a presid\u00eancia da estatal. Ele assumir\u00e1 a fun\u00e7\u00e3o ap\u00f3s o ato de posse, cuja data ainda n\u00e3o est\u00e1 definida. Seu mandato ir\u00e1 at\u00e9 13 de abril de 2023. \u00c9 a quarta troca de comando na estatal durante o mandato presidencial de Jair Bolsonaro.<img decoding=\"async\" src=\"https:\/\/agenciabrasil.ebc.com.br\/ebc.png?id=1467904&amp;o=node\" \/><img decoding=\"async\" src=\"https:\/\/agenciabrasil.ebc.com.br\/ebc.gif?id=1467904&amp;o=node\" \/><\/p>\n<p>Formado em comunica\u00e7\u00e3o social pela Universidade Paulista, Paes de Andrade aprofundou seus estudos nos Estados Unidos: possui p\u00f3s-gradua\u00e7\u00e3o em administra\u00e7\u00e3o e gest\u00e3o pela Universidade de Harvard e mestrado em administra\u00e7\u00e3o de empresas pela Duke University. Segundo curr\u00edculo divulgado pela Petrobras, ele acumula experi\u00eancias como empreendedor em tecnologia de informa\u00e7\u00e3o, mercado imobili\u00e1rio e agroneg\u00f3cio.<\/p>\n<p>Paes de Andrade foi indicado por Jair Bolsonaro para substituir Jos\u00e9 Mauro Ferreira Coelho. O presidente da Rep\u00fablica<a href=\"https:\/\/agenciabrasil.ebc.com.br\/politica\/noticia\/2022-05\/em-sp-presidente-critica-petrobras-e-diz-lamentar-preco-do-diesel\" target=\"_blank\" rel=\"noopener\">\u00a0vinha manifestando publicamente\u00a0<\/a>\u00a0sua insatisfa\u00e7\u00e3o com os reajustes dos combust\u00edveis.<\/p>\n<p>Desde 2016, a Petrobras adota a chamada Pol\u00edtica de Pre\u00e7os de Paridade de Importa\u00e7\u00e3o (PPI), que vincula o pre\u00e7o do petr\u00f3leo ao mercado internacional tendo como refer\u00eancia o pre\u00e7o do barril tipo brent, que \u00e9 calculado em d\u00f3lar. Essa diretriz foi defendida por todos os presidentes da estatal indicados nos \u00faltimos seis anos, durante os mandatos de Michel Temer e de Jair Bolsonaro.<\/p>\n<p>A nova troca de comando na Petrobras foi anunciada em 23 de maio pelo Minist\u00e9rio de Minas e Energia. A pasta informou que o governo federal, como acionista controlador da Petrobras, tinha decidido pela indica\u00e7\u00e3o de Paes de Andrade. Jos\u00e9 Mauro Ferreira Coelho pediu demiss\u00e3o no dia 20, pouco mais de dois meses ap\u00f3s assumir o posto. Ele havia sido empossado em 14 de abril. Desde a sua ren\u00fancia, a presid\u00eancia vinha sendo exercida de forma interina por Fernando Assump\u00e7\u00e3o Borges.<\/p>\n<p>O nome de Paes de Andrade havia sido considerado apto na semana passada pelo Comit\u00ea de Elegibilidade da Petrobras (Celeg), inst\u00e2ncia respons\u00e1vel por analisar informa\u00e7\u00f5es e requisitos dos indicados pelo governo para exercer cargos na estatal. Avaliou-se que o indicado do governo federal preenche os requisitos previstos na legisla\u00e7\u00e3o das estatais.<\/p>\n<h2>Diferentes fun\u00e7\u00f5es<\/h2>\n<p>Paes de Andrade j\u00e1 ocupou diferentes fun\u00e7\u00f5es no governo e n\u00e3o ser\u00e1 a primeira vez que ele preside uma estatal. Entre 2019 e 2020, ele esteve \u00e0 frente do Servi\u00e7o Federal de Processamento de Dados (Serpro), refer\u00eancia do setor de tecnologia de informa\u00e7\u00e3o e respons\u00e1vel por gerenciar sistemas da administra\u00e7\u00e3o p\u00fablica federal.<\/p>\n<p>Desde 2020, Paes de Andrade ocupava o posto de secret\u00e1rio especial de desburocratiza\u00e7\u00e3o, gest\u00e3o e governo digital no Minist\u00e9rio da Economia. Ele coordenou a elabora\u00e7\u00e3o da Reforma Administrativa e o desenvolvimento da Plataforma GOV.BR, ferramenta criada para conduzir a digitaliza\u00e7\u00e3o do atendimento de diferentes servi\u00e7os p\u00fablicos.<\/p>\n<p><span style=\"font-weight: 400;\">Fonte: Ag\u00eancia Brasil <\/span><\/p>\n","protected":false},"excerpt":{"rendered":"<p>O Conselho de Administra\u00e7\u00e3o da Petrobras aprovou hoje (27) a nomea\u00e7\u00e3o de Caio M\u00e1rio Paes de Andrade como novo conselheiro, elegendo-o em seguida para a presid\u00eancia da estatal. Ele assumir\u00e1 a fun\u00e7\u00e3o ap\u00f3s o ato de posse, cuja data ainda n\u00e3o est\u00e1 definida. Seu mandato ir\u00e1 at\u00e9 13 de abril de 2023. \u00c9 a quarta [&hellip;]<\/p>\n","protected":false},"author":246,"featured_media":200798,"comment_status":"closed","ping_status":"closed","sticky":false,"template":"","format":"standard","meta":{"footnotes":""},"categories":[436,261,439],"tags":[],"class_list":["post-200797","post","type-post","status-publish","format-standard","has-post-thumbnail","hentry","category-destaque-da-semana","category-economia","category-ultima-hora"],"_links":{"self":[{"href":"https:\/\/diarioregionaldigital.com.br\/index.php?rest_route=\/wp\/v2\/posts\/200797","targetHints":{"allow":["GET"]}}],"collection":[{"href":"https:\/\/diarioregionaldigital.com.br\/index.php?rest_route=\/wp\/v2\/posts"}],"about":[{"href":"https:\/\/diarioregionaldigital.com.br\/index.php?rest_route=\/wp\/v2\/types\/post"}],"author":[{"embeddable":true,"href":"https:\/\/diarioregionaldigital.com.br\/index.php?rest_route=\/wp\/v2\/users\/246"}],"replies":[{"embeddable":true,"href":"https:\/\/diarioregionaldigital.com.br\/index.php?rest_route=%2Fwp%2Fv2%2Fcomments&post=200797"}],"version-history":[{"count":1,"href":"https:\/\/diarioregionaldigital.com.br\/index.php?rest_route=\/wp\/v2\/posts\/200797\/revisions"}],"predecessor-version":[{"id":200799,"href":"https:\/\/diarioregionaldigital.com.br\/index.php?rest_route=\/wp\/v2\/posts\/200797\/revisions\/200799"}],"wp:featuredmedia":[{"embeddable":true,"href":"https:\/\/diarioregionaldigital.com.br\/index.php?rest_route=\/wp\/v2\/media\/200798"}],"wp:attachment":[{"href":"https:\/\/diarioregionaldigital.com.br\/index.php?rest_route=%2Fwp%2Fv2%2Fmedia&parent=200797"}],"wp:term":[{"taxonomy":"category","embeddable":true,"href":"https:\/\/diarioregionaldigital.com.br\/index.php?rest_route=%2Fwp%2Fv2%2Fcategories&post=200797"},{"taxonomy":"post_tag","embeddable":true,"href":"https:\/\/diarioregionaldigital.com.br\/index.php?rest_route=%2Fwp%2Fv2%2Ftags&post=200797"}],"curies":[{"name":"wp","href":"https:\/\/api.w.org\/{rel}","templated":true}]}}